{"id":578,"date":"2012-05-24T21:07:41","date_gmt":"2012-05-24T21:07:41","guid":{"rendered":"http:\/\/norainiesta.com\/?p=578"},"modified":"2017-12-07T19:45:56","modified_gmt":"2017-12-07T19:45:56","slug":"lo-patrio-objetos","status":"publish","type":"post","link":"http:\/\/norainiesta.com\/?p=578","title":{"rendered":"Lo Patrio"},"content":{"rendered":"\r\n\r\n\r\n    \r\n        <!-- =======================================\r\n        THE ORBIT SLIDER CONTENT \r\n        ======================================= -->\r\n        <div class=\"orbit-default\r\n                 default-thumbs                                 resp             \">\r\n            <div id=\"featured1\"> \r\n                <div class='sorbit-wide absoluteCenter'  \r\n                            data-caption='#post-813' \r\n                            data-thumb='http:\/\/norainiesta.com\/wp-content\/uploads\/2012\/05\/Ni\u00f1os-305x305.jpg'>\n  <a class=\"sorbit-link thickbox\" href=\"http:\/\/norainiesta.com\/wp-content\/uploads\/2012\/05\/Ni\u00f1os.jpg\" rel=\"\" title=\"Ni\u00f1o argentino, detalle, objetos ensamblados, 2002.\">\n<img class=\"absoluteCenter noStretch\"\n  src=\"http:\/\/norainiesta.com\/wp-content\/uploads\/2012\/05\/Ni\u00f1os.jpg\" \n  alt=\"Ni\u00f1o argentino, detalle, objetos ensamblados, 2002.\" \/>\n<\/a> \r\n            <\/div>\r\n\r\n                <span class=\"orbit-caption     thumb-on\" id='post-813'>\n    \n    <h5 class=\"orbit-title1 size-\">Ni\u00f1o argentino, detalle, objetos ensamblados, 2002.<\/h5>\n    <p class=\"size-\"> <\/p>\n<\/span>  \n\r\n            <div class='sorbit-wide absoluteCenter'  \r\n                            data-caption='#post-812' \r\n                            data-thumb='http:\/\/norainiesta.com\/wp-content\/uploads\/2012\/05\/EL-NI\u00d1O-ARGENTINO-305x305.jpg'>\n  <a class=\"sorbit-link thickbox\" href=\"http:\/\/norainiesta.com\/wp-content\/uploads\/2012\/05\/EL-NI\u00d1O-ARGENTINO.jpg\" rel=\"\" title=\"Ni\u00f1os argentinos, objetos ensamblados, 2002.\">\n<img class=\"absoluteCenter noStretch\"\n  src=\"http:\/\/norainiesta.com\/wp-content\/uploads\/2012\/05\/EL-NI\u00d1O-ARGENTINO.jpg\" \n  alt=\"Ni\u00f1os argentinos, objetos ensamblados, 2002.\" \/>\n<\/a> \r\n            <\/div>\r\n\r\n                <span class=\"orbit-caption     thumb-on\" id='post-812'>\n    \n    <h5 class=\"orbit-title1 size-\">Ni\u00f1os argentinos, objetos ensamblados, 2002.<\/h5>\n    <p class=\"size-\"> <\/p>\n<\/span>  \n\r\n            <div class='sorbit-wide absoluteCenter'  \r\n                            data-caption='#post-601' \r\n                            data-thumb='http:\/\/norainiesta.com\/wp-content\/uploads\/2012\/05\/NI\u00d1O-ARGENTINO-ALTA-foto-gilardoni-2009-305x305.jpg'>\n  <a class=\"sorbit-link thickbox\" href=\"http:\/\/norainiesta.com\/wp-content\/uploads\/2012\/05\/NI\u00d1O-ARGENTINO-ALTA-foto-gilardoni-2009.jpg\" rel=\"\" title=\"El ni\u00f1o argentino, objetos ensamblados, 2002.\">\n<img class=\"absoluteCenter noStretch\"\n  src=\"http:\/\/norainiesta.com\/wp-content\/uploads\/2012\/05\/NI\u00d1O-ARGENTINO-ALTA-foto-gilardoni-2009.jpg\" \n  alt=\"El ni\u00f1o argentino, objetos ensamblados, 2002.\" \/>\n<\/a> \r\n            <\/div>\r\n\r\n                <span class=\"orbit-caption     thumb-on\" id='post-601'>\n    \n    <h5 class=\"orbit-title1 size-\">El ni\u00f1o argentino, objetos ensamblados, 2002.<\/h5>\n    <p class=\"size-\"> <\/p>\n<\/span>  \n\r\n            <div class='sorbit-wide absoluteCenter'  \r\n                            data-caption='#post-596' \r\n                            data-thumb='http:\/\/norainiesta.com\/wp-content\/uploads\/2012\/05\/La-Ni\u00f1a-Argentina-Objeto-60x30x30cm-2002-305x305.jpg'>\n  <a class=\"sorbit-link thickbox\" href=\"http:\/\/norainiesta.com\/wp-content\/uploads\/2012\/05\/La-Ni\u00f1a-Argentina-Objeto-60x30x30cm-2002.jpg\" rel=\"\" title=\"La ni\u00f1a argentina, objetos ensamblados, 2002.\">\n<img class=\"absoluteCenter noStretch\"\n  src=\"http:\/\/norainiesta.com\/wp-content\/uploads\/2012\/05\/La-Ni\u00f1a-Argentina-Objeto-60x30x30cm-2002.jpg\" \n  alt=\"La ni\u00f1a argentina, objetos ensamblados, 2002.\" \/>\n<\/a> \r\n            <\/div>\r\n\r\n                <span class=\"orbit-caption     thumb-on\" id='post-596'>\n    \n    <h5 class=\"orbit-title1 size-\">La ni\u00f1a argentina, objetos ensamblados, 2002.<\/h5>\n    <p class=\"size-\"> <\/p>\n<\/span>  \n\r\n            <div class='sorbit-wide absoluteCenter'  \r\n                            data-caption='#post-725' \r\n                            data-thumb='http:\/\/norainiesta.com\/wp-content\/uploads\/2012\/05\/Paisaje-Argentino-T\u00e9cnica-mixta-31x48cm-2003-305x305.jpg'>\n  <a class=\"sorbit-link thickbox\" href=\"http:\/\/norainiesta.com\/wp-content\/uploads\/2012\/05\/Paisaje-Argentino-T\u00e9cnica-mixta-31x48cm-2003.jpg\" rel=\"\" title=\"Paisaje argentino, objetos ensamblados sobre abanico, 31 x  48 cm, 2003.\">\n<img class=\"absoluteCenter noStretch\"\n  src=\"http:\/\/norainiesta.com\/wp-content\/uploads\/2012\/05\/Paisaje-Argentino-T\u00e9cnica-mixta-31x48cm-2003.jpg\" \n  alt=\"Paisaje argentino, objetos ensamblados sobre abanico, 31 x  48 cm, 2003.\" \/>\n<\/a> \r\n            <\/div>\r\n\r\n                <span class=\"orbit-caption     thumb-on\" id='post-725'>\n    \n    <h5 class=\"orbit-title1 size-\">Paisaje argentino, objetos ensamblados sobre abanico, 31 x  48 cm, 2003.<\/h5>\n    <p class=\"size-\"> <\/p>\n<\/span>  \n\r\n            <div class='sorbit-wide absoluteCenter'  \r\n                            data-caption='#post-585' \r\n                            data-thumb='http:\/\/norainiesta.com\/wp-content\/uploads\/2012\/05\/Doble_Juego_03-305x305.jpg'>\n  <a class=\"sorbit-link thickbox\" href=\"http:\/\/norainiesta.com\/wp-content\/uploads\/2012\/05\/Doble_Juego_03.jpg\" rel=\"\" title=\"Doble juego, detalle, objetos ensamblados, 2003.\">\n<img class=\"absoluteCenter noStretch\"\n  src=\"http:\/\/norainiesta.com\/wp-content\/uploads\/2012\/05\/Doble_Juego_03.jpg\" \n  alt=\"Doble juego, detalle, objetos ensamblados, 2003.\" \/>\n<\/a> \r\n            <\/div>\r\n\r\n                <span class=\"orbit-caption     thumb-on\" id='post-585'>\n    \n    <h5 class=\"orbit-title1 size-\">Doble juego, detalle, objetos ensamblados, 2003.<\/h5>\n    <p class=\"size-\"> <\/p>\n<\/span>  \n\r\n            <div class='sorbit-wide absoluteCenter'  \r\n                            data-caption='#post-589' \r\n                            data-thumb='http:\/\/norainiesta.com\/wp-content\/uploads\/2012\/05\/El_Azar_En_Juego_01-305x305.jpg'>\n  <a class=\"sorbit-link thickbox\" href=\"http:\/\/norainiesta.com\/wp-content\/uploads\/2012\/05\/El_Azar_En_Juego_01.jpg\" rel=\"\" title=\"El azar en juego, objetos ensamblados, 2003.\">\n<img class=\"absoluteCenter noStretch\"\n  src=\"http:\/\/norainiesta.com\/wp-content\/uploads\/2012\/05\/El_Azar_En_Juego_01.jpg\" \n  alt=\"El azar en juego, objetos ensamblados, 2003.\" \/>\n<\/a> \r\n            <\/div>\r\n\r\n                <span class=\"orbit-caption     thumb-on\" id='post-589'>\n    \n    <h5 class=\"orbit-title1 size-\">El azar en juego, objetos ensamblados, 2003.<\/h5>\n    <p class=\"size-\"> <\/p>\n<\/span>  \n\r\n            <div class='sorbit-wide absoluteCenter'  \r\n                            data-caption='#post-590' \r\n                            data-thumb='http:\/\/norainiesta.com\/wp-content\/uploads\/2012\/05\/El_Azar_En_Juego_03-305x305.jpg'>\n  <a class=\"sorbit-link thickbox\" href=\"http:\/\/norainiesta.com\/wp-content\/uploads\/2012\/05\/El_Azar_En_Juego_03.jpg\" rel=\"\" title=\"El azar en juego, detalle, objetos ensamblados, 2003.\">\n<img class=\"absoluteCenter noStretch\"\n  src=\"http:\/\/norainiesta.com\/wp-content\/uploads\/2012\/05\/El_Azar_En_Juego_03.jpg\" \n  alt=\"El azar en juego, detalle, objetos ensamblados, 2003.\" \/>\n<\/a> \r\n            <\/div>\r\n\r\n                <span class=\"orbit-caption     thumb-on\" id='post-590'>\n    \n    <h5 class=\"orbit-title1 size-\">El azar en juego, detalle, objetos ensamblados, 2003.<\/h5>\n    <p class=\"size-\"> <\/p>\n<\/span>  \n\r\n            <div class='sorbit-wide absoluteCenter'  \r\n                            data-caption='#post-606' \r\n                            data-thumb='http:\/\/norainiesta.com\/wp-content\/uploads\/2012\/05\/Plato-PATRIO-en-estuche-seda-24cm-di\u00e1metro-2005-305x305.jpg'>\n  <a class=\"sorbit-link thickbox\" href=\"http:\/\/norainiesta.com\/wp-content\/uploads\/2012\/05\/Plato-PATRIO-en-estuche-seda-24cm-di\u00e1metro-2005.jpg\" rel=\"\" title=\"Plato patrio, esmalte sobre cer\u00e1mica, 24 x 24cm, 2005.\">\n<img class=\"absoluteCenter noStretch\"\n  src=\"http:\/\/norainiesta.com\/wp-content\/uploads\/2012\/05\/Plato-PATRIO-en-estuche-seda-24cm-di\u00e1metro-2005.jpg\" \n  alt=\"Plato patrio, esmalte sobre cer\u00e1mica, 24 x 24cm, 2005.\" \/>\n<\/a> \r\n            <\/div>\r\n\r\n                <span class=\"orbit-caption     thumb-on\" id='post-606'>\n    \n    <h5 class=\"orbit-title1 size-\">Plato patrio, esmalte sobre cer\u00e1mica, 24 x 24cm, 2005.<\/h5>\n    <p class=\"size-\"> <\/p>\n<\/span>  \n\r\n            <div class='sorbit-wide absoluteCenter'  \r\n                            data-caption='#post-583' \r\n                            data-thumb='http:\/\/norainiesta.com\/wp-content\/uploads\/2012\/05\/Coraz\u00f3n-Favaloro-2006-1-305x305.jpg'>\n  <a class=\"sorbit-link thickbox\" href=\"http:\/\/norainiesta.com\/wp-content\/uploads\/2012\/05\/Coraz\u00f3n-Favaloro-2006-1.jpg\" rel=\"\" title=\"Coraz\u00f3n Patrio, 2006\">\n<img class=\"absoluteCenter noStretch\"\n  src=\"http:\/\/norainiesta.com\/wp-content\/uploads\/2012\/05\/Coraz\u00f3n-Favaloro-2006-1.jpg\" \n  alt=\"Coraz\u00f3n Patrio, 2006\" \/>\n<\/a> \r\n            <\/div>\r\n\r\n                <span class=\"orbit-caption     thumb-on\" id='post-583'>\n    \n    <h5 class=\"orbit-title1 size-\">Coraz\u00f3n Patrio, 2006<\/h5>\n    <p class=\"size-\"> <\/p>\n<\/span>  \n\r\n            <div class='sorbit-wide absoluteCenter'  \r\n                            data-caption='#post-600' \r\n                            data-thumb='http:\/\/norainiesta.com\/wp-content\/uploads\/2012\/05\/N-Iniesta_alta_0327_017m-x-026m-x-0135m-305x305.jpg'>\n  <a class=\"sorbit-link thickbox\" href=\"http:\/\/norainiesta.com\/wp-content\/uploads\/2012\/05\/N-Iniesta_alta_0327_017m-x-026m-x-0135m.jpg\" rel=\"\" title=\"El deseo, objetos ensamblados, 17 x 26 x 135 cm, 2006.\">\n<img class=\"absoluteCenter noStretch\"\n  src=\"http:\/\/norainiesta.com\/wp-content\/uploads\/2012\/05\/N-Iniesta_alta_0327_017m-x-026m-x-0135m.jpg\" \n  alt=\"El deseo, objetos ensamblados, 17 x 26 x 135 cm, 2006.\" \/>\n<\/a> \r\n            <\/div>\r\n\r\n                <span class=\"orbit-caption     thumb-on\" id='post-600'>\n    \n    <h5 class=\"orbit-title1 size-\">El deseo, objetos ensamblados, 17 x 26 x 135 cm, 2006.<\/h5>\n    <p class=\"size-\"> <\/p>\n<\/span>  \n\r\n            <div class='sorbit-wide absoluteCenter'  \r\n                            data-caption='#post-587' \r\n                            data-thumb='http:\/\/norainiesta.com\/wp-content\/uploads\/2012\/05\/DSC_9259-305x305.jpg'>\n  <a class=\"sorbit-link thickbox\" href=\"http:\/\/norainiesta.com\/wp-content\/uploads\/2012\/05\/DSC_9259.jpg\" rel=\"\" title=\"1982 Malvinas, homenaje, objetos ensamblados, 2006.\">\n<img class=\"absoluteCenter noStretch\"\n  src=\"http:\/\/norainiesta.com\/wp-content\/uploads\/2012\/05\/DSC_9259.jpg\" \n  alt=\"1982 Malvinas, homenaje, objetos ensamblados, 2006.\" \/>\n<\/a> \r\n            <\/div>\r\n\r\n                <span class=\"orbit-caption     thumb-on\" id='post-587'>\n    \n    <h5 class=\"orbit-title1 size-\">1982 Malvinas, homenaje, objetos ensamblados, 2006.<\/h5>\n    <p class=\"size-\"> <\/p>\n<\/span>  \n\r\n            <div class='sorbit-wide absoluteCenter'  \r\n                            data-caption='#post-581' \r\n                            data-thumb='http:\/\/norainiesta.com\/wp-content\/uploads\/2012\/05\/Argentina-portable-T\u00e9cnica-mixta-2006-305x305.jpg'>\n  <a class=\"sorbit-link thickbox\" href=\"http:\/\/norainiesta.com\/wp-content\/uploads\/2012\/05\/Argentina-portable-T\u00e9cnica-mixta-2006.jpg\" rel=\"\" title=\"Argentina portable, objetos ensamblados sobre cart\u00f3n, 2006.\">\n<img class=\"absoluteCenter noStretch\"\n  src=\"http:\/\/norainiesta.com\/wp-content\/uploads\/2012\/05\/Argentina-portable-T\u00e9cnica-mixta-2006.jpg\" \n  alt=\"Argentina portable, objetos ensamblados sobre cart\u00f3n, 2006.\" \/>\n<\/a> \r\n            <\/div>\r\n\r\n                <span class=\"orbit-caption     thumb-on\" id='post-581'>\n    \n    <h5 class=\"orbit-title1 size-\">Argentina portable, objetos ensamblados sobre cart\u00f3n, 2006.<\/h5>\n    <p class=\"size-\"> <\/p>\n<\/span>  \n\r\n            <div class='sorbit-wide absoluteCenter'  \r\n                            data-caption='#post-604' \r\n                            data-thumb='http:\/\/norainiesta.com\/wp-content\/uploads\/2012\/05\/Pa\u00eds-objeto-25x21cm-305x305.jpg'>\n  <a class=\"sorbit-link thickbox\" href=\"http:\/\/norainiesta.com\/wp-content\/uploads\/2012\/05\/Pa\u00eds-objeto-25x21cm.jpg\" rel=\"\" title=\"Pa\u00eds, 25 x 21cm, 2006.\">\n<img class=\"absoluteCenter noStretch\"\n  src=\"http:\/\/norainiesta.com\/wp-content\/uploads\/2012\/05\/Pa\u00eds-objeto-25x21cm.jpg\" \n  alt=\"Pa\u00eds, 25 x 21cm, 2006.\" \/>\n<\/a> \r\n            <\/div>\r\n\r\n                <span class=\"orbit-caption     thumb-on\" id='post-604'>\n    \n    <h5 class=\"orbit-title1 size-\">Pa\u00eds, 25 x 21cm, 2006.<\/h5>\n    <p class=\"size-\"> <\/p>\n<\/span>  \n\r\n            <div class='sorbit-wide absoluteCenter'  \r\n                            data-caption='#post-584' \r\n                            data-thumb='http:\/\/norainiesta.com\/wp-content\/uploads\/2012\/05\/Doble_Juego_01-305x305.jpg'>\n  <a class=\"sorbit-link thickbox\" href=\"http:\/\/norainiesta.com\/wp-content\/uploads\/2012\/05\/Doble_Juego_01.jpg\" rel=\"\" title=\"Doble juego, objetos ensamblados, 2006.\">\n<img class=\"absoluteCenter noStretch\"\n  src=\"http:\/\/norainiesta.com\/wp-content\/uploads\/2012\/05\/Doble_Juego_01.jpg\" \n  alt=\"Doble juego, objetos ensamblados, 2006.\" \/>\n<\/a> \r\n            <\/div>\r\n\r\n                <span class=\"orbit-caption     thumb-on\" id='post-584'>\n    \n    <h5 class=\"orbit-title1 size-\">Doble juego, objetos ensamblados, 2006.<\/h5>\n    <p class=\"size-\"> <\/p>\n<\/span>  \n\r\n            <div class='sorbit-wide absoluteCenter'  \r\n                            data-caption='#post-618' \r\n                            data-thumb='http:\/\/norainiesta.com\/wp-content\/uploads\/2012\/05\/Escarapela-instalaci\u00f3n-20061-305x305.jpg'>\n  <a class=\"sorbit-link thickbox\" href=\"http:\/\/norainiesta.com\/wp-content\/uploads\/2012\/05\/Escarapela-instalaci\u00f3n-20061.jpg\" rel=\"\" title=\"Escarapela, acr\u00edlico sobre bamb\u00fa, instalaci\u00f3n, 2006.\">\n<img class=\"absoluteCenter noStretch\"\n  src=\"http:\/\/norainiesta.com\/wp-content\/uploads\/2012\/05\/Escarapela-instalaci\u00f3n-20061.jpg\" \n  alt=\"Escarapela, acr\u00edlico sobre bamb\u00fa, instalaci\u00f3n, 2006.\" \/>\n<\/a> \r\n            <\/div>\r\n\r\n                <span class=\"orbit-caption     thumb-on\" id='post-618'>\n    \n    <h5 class=\"orbit-title1 size-\">Escarapela, acr\u00edlico sobre bamb\u00fa, instalaci\u00f3n, 2006.<\/h5>\n    <p class=\"size-\"> <\/p>\n<\/span>  \n\r\n            <div class='sorbit-wide absoluteCenter'  \r\n                            data-caption='#post-599' \r\n                            data-thumb='http:\/\/norainiesta.com\/wp-content\/uploads\/2012\/05\/N-Iniesta_4159-305x305.jpg'>\n  <a class=\"sorbit-link thickbox\" href=\"http:\/\/norainiesta.com\/wp-content\/uploads\/2012\/05\/N-Iniesta_4159.jpg\" rel=\"\" title=\"Casita patria, acr\u00edlico sobre madera, 37 x 55 x 29 cm, 2009.\">\n<img class=\"absoluteCenter noStretch\"\n  src=\"http:\/\/norainiesta.com\/wp-content\/uploads\/2012\/05\/N-Iniesta_4159.jpg\" \n  alt=\"Casita patria, acr\u00edlico sobre madera, 37 x 55 x 29 cm, 2009.\" \/>\n<\/a> \r\n            <\/div>\r\n\r\n                <span class=\"orbit-caption     thumb-on\" id='post-599'>\n    \n    <h5 class=\"orbit-title1 size-\">Casita patria, acr\u00edlico sobre madera, 37 x 55 x 29 cm, 2009.<\/h5>\n    <p class=\"size-\"> <\/p>\n<\/span>  \n\r\n            <div class='sorbit-wide absoluteCenter'  \r\n                            data-caption='#post-588' \r\n                            data-thumb='http:\/\/norainiesta.com\/wp-content\/uploads\/2012\/05\/DSCN6767-305x305.jpg'>\n  <a class=\"sorbit-link thickbox\" href=\"http:\/\/norainiesta.com\/wp-content\/uploads\/2012\/05\/DSCN6767.jpg\" rel=\"\" title=\"Balero argentino, acr\u00edlico sobre madera, 2009.\">\n<img class=\"absoluteCenter noStretch\"\n  src=\"http:\/\/norainiesta.com\/wp-content\/uploads\/2012\/05\/DSCN6767.jpg\" \n  alt=\"Balero argentino, acr\u00edlico sobre madera, 2009.\" \/>\n<\/a> \r\n            <\/div>\r\n\r\n                <span class=\"orbit-caption     thumb-on\" id='post-588'>\n    \n    <h5 class=\"orbit-title1 size-\">Balero argentino, acr\u00edlico sobre madera, 2009.<\/h5>\n    <p class=\"size-\"> <\/p>\n<\/span>  \n\r\n            <div class='sorbit-wide absoluteCenter'  \r\n                            data-caption='#post-607' \r\n                            data-thumb='http:\/\/norainiesta.com\/wp-content\/uploads\/2012\/05\/vestido-de-papel-La-Patria-fondo-negro-2009-305x305.jpg'>\n  <a class=\"sorbit-link thickbox\" href=\"http:\/\/norainiesta.com\/wp-content\/uploads\/2012\/05\/vestido-de-papel-La-Patria-fondo-negro-2009.jpg\" rel=\"\" title=\"La Patria, vestido de papel crep\u00e9, 2009.\">\n<img class=\"absoluteCenter noStretch\"\n  src=\"http:\/\/norainiesta.com\/wp-content\/uploads\/2012\/05\/vestido-de-papel-La-Patria-fondo-negro-2009.jpg\" \n  alt=\"La Patria, vestido de papel crep\u00e9, 2009.\" \/>\n<\/a> \r\n            <\/div>\r\n\r\n                <span class=\"orbit-caption     thumb-on\" id='post-607'>\n    \n    <h5 class=\"orbit-title1 size-\">La Patria, vestido de papel crep\u00e9, 2009.<\/h5>\n    <p class=\"size-\"> <\/p>\n<\/span>  \n\r\n            <div class='sorbit-wide absoluteCenter'  \r\n                            data-caption='#post-592' \r\n                            data-thumb='http:\/\/norainiesta.com\/wp-content\/uploads\/2012\/05\/Escarapela-de-venecitas-305x305.jpg'>\n  <a class=\"sorbit-link thickbox\" href=\"http:\/\/norainiesta.com\/wp-content\/uploads\/2012\/05\/Escarapela-de-venecitas.jpg\" rel=\"\" title=\"Escarapela, venecitas, 2010.\">\n<img class=\"absoluteCenter noStretch\"\n  src=\"http:\/\/norainiesta.com\/wp-content\/uploads\/2012\/05\/Escarapela-de-venecitas.jpg\" \n  alt=\"Escarapela, venecitas, 2010.\" \/>\n<\/a> \r\n            <\/div>\r\n\r\n                <span class=\"orbit-caption     thumb-on\" id='post-592'>\n    \n    <h5 class=\"orbit-title1 size-\">Escarapela, venecitas, 2010.<\/h5>\n    <p class=\"size-\"> <\/p>\n<\/span>  \n\r\n            <div class='sorbit-wide absoluteCenter'  \r\n                            data-caption='#post-582' \r\n                            data-thumb='http:\/\/norainiesta.com\/wp-content\/uploads\/2012\/05\/Avion-Patrio-2010-1-ALTA-305x305.jpg'>\n  <a class=\"sorbit-link thickbox\" href=\"http:\/\/norainiesta.com\/wp-content\/uploads\/2012\/05\/Avion-Patrio-2010-1-ALTA.jpg\" rel=\"\" title=\"Avi\u00f3n patrio, pl\u00e1stico sobre madera, 2010.\">\n<img class=\"absoluteCenter noStretch\"\n  src=\"http:\/\/norainiesta.com\/wp-content\/uploads\/2012\/05\/Avion-Patrio-2010-1-ALTA.jpg\" \n  alt=\"Avi\u00f3n patrio, pl\u00e1stico sobre madera, 2010.\" \/>\n<\/a> \r\n            <\/div>\r\n\r\n                <span class=\"orbit-caption     thumb-on\" id='post-582'>\n    \n    <h5 class=\"orbit-title1 size-\">Avi\u00f3n patrio, pl\u00e1stico sobre madera, 2010.<\/h5>\n    <p class=\"size-\"> <\/p>\n<\/span>  \n\r\n            <div class='sorbit-wide absoluteCenter'  \r\n                            data-caption='#post-598' \r\n                            data-thumb='http:\/\/norainiesta.com\/wp-content\/uploads\/2012\/05\/mu\u00f1equitos2_2008-305x305.jpg'>\n  <a class=\"sorbit-link thickbox\" href=\"http:\/\/norainiesta.com\/wp-content\/uploads\/2012\/05\/mu\u00f1equitos2_2008.jpg\" rel=\"\" title=\"Mu\u00f1ecos patrios, tejido lana natural, 2010.\">\n<img class=\"absoluteCenter noStretch\"\n  src=\"http:\/\/norainiesta.com\/wp-content\/uploads\/2012\/05\/mu\u00f1equitos2_2008.jpg\" \n  alt=\"Mu\u00f1ecos patrios, tejido lana natural, 2010.\" \/>\n<\/a> \r\n            <\/div>\r\n\r\n                <span class=\"orbit-caption     thumb-on\" id='post-598'>\n    \n    <h5 class=\"orbit-title1 size-\">Mu\u00f1ecos patrios, tejido lana natural, 2010.<\/h5>\n    <p class=\"size-\"> <\/p>\n<\/span>  \n\r\n            <div class='sorbit-wide absoluteCenter'  \r\n                            data-caption='#post-603' \r\n                            data-thumb='http:\/\/norainiesta.com\/wp-content\/uploads\/2012\/05\/Nora-Iniesta-Manequ\u00ed-305x305.jpg'>\n  <a class=\"sorbit-link thickbox\" href=\"http:\/\/norainiesta.com\/wp-content\/uploads\/2012\/05\/Nora-Iniesta-Manequ\u00ed.jpg\" rel=\"\" title=\"Torso, escarapelas ensambladas sobre manequ\u00ed, 2010.\">\n<img class=\"absoluteCenter noStretch\"\n  src=\"http:\/\/norainiesta.com\/wp-content\/uploads\/2012\/05\/Nora-Iniesta-Manequ\u00ed.jpg\" \n  alt=\"Torso, escarapelas ensambladas sobre manequ\u00ed, 2010.\" \/>\n<\/a> \r\n            <\/div>\r\n\r\n                <span class=\"orbit-caption     thumb-on\" id='post-603'>\n    \n    <h5 class=\"orbit-title1 size-\">Torso, escarapelas ensambladas sobre manequ\u00ed, 2010.<\/h5>\n    <p class=\"size-\"> <\/p>\n<\/span>  \n\r\n            <div class='sorbit-wide absoluteCenter'  \r\n                            data-caption='#post-761' \r\n                            data-thumb='http:\/\/norainiesta.com\/wp-content\/uploads\/2012\/05\/Cabildo-49-cm-x-435-x14-cm-en-alta--305x305.jpg'>\n  <a class=\"sorbit-link thickbox\" href=\"http:\/\/norainiesta.com\/wp-content\/uploads\/2012\/05\/Cabildo-49-cm-x-435-x14-cm-en-alta-.jpg\" rel=\"\" title=\"Cabildo, ensamblaje de piezas Rasti, 49 x 43,5 x 14 cm, 2010.\">\n<img class=\"absoluteCenter noStretch\"\n  src=\"http:\/\/norainiesta.com\/wp-content\/uploads\/2012\/05\/Cabildo-49-cm-x-435-x14-cm-en-alta-.jpg\" \n  alt=\"Cabildo, ensamblaje de piezas Rasti, 49 x 43,5 x 14 cm, 2010.\" \/>\n<\/a> \r\n            <\/div>\r\n\r\n                <span class=\"orbit-caption     thumb-on\" id='post-761'>\n    \n    <h5 class=\"orbit-title1 size-\">Cabildo, ensamblaje de piezas Rasti, 49 x 43,5 x 14 cm, 2010.<\/h5>\n    <p class=\"size-\"> <\/p>\n<\/span>  \n\r\n            <div class='sorbit-wide absoluteCenter'  \r\n                            data-caption='#post-760' \r\n                            data-thumb='http:\/\/norainiesta.com\/wp-content\/uploads\/2012\/05\/Bandera-Rasti-305x305.jpg'>\n  <a class=\"sorbit-link thickbox\" href=\"http:\/\/norainiesta.com\/wp-content\/uploads\/2012\/05\/Bandera-Rasti.jpg\" rel=\"\" title=\"Bandera, piezas Rasti, 2010.\">\n<img class=\"absoluteCenter noStretch\"\n  src=\"http:\/\/norainiesta.com\/wp-content\/uploads\/2012\/05\/Bandera-Rasti.jpg\" \n  alt=\"Bandera, piezas Rasti, 2010.\" \/>\n<\/a> \r\n            <\/div>\r\n\r\n                <span class=\"orbit-caption     thumb-on\" id='post-760'>\n    \n    <h5 class=\"orbit-title1 size-\">Bandera, piezas Rasti, 2010.<\/h5>\n    <p class=\"size-\"> <\/p>\n<\/span>  \n\r\n            <div class='sorbit-wide absoluteCenter'  \r\n                            data-caption='#post-762' \r\n                            data-thumb='http:\/\/norainiesta.com\/wp-content\/uploads\/2012\/05\/Pais-multitud-305x305.jpg'>\n  <a class=\"sorbit-link thickbox\" href=\"http:\/\/norainiesta.com\/wp-content\/uploads\/2012\/05\/Pais-multitud.jpg\" rel=\"\" title=\"Pa\u00eds multitud, piezas Rasti, 2010.\">\n<img class=\"absoluteCenter noStretch\"\n  src=\"http:\/\/norainiesta.com\/wp-content\/uploads\/2012\/05\/Pais-multitud.jpg\" \n  alt=\"Pa\u00eds multitud, piezas Rasti, 2010.\" \/>\n<\/a> \r\n            <\/div>\r\n\r\n                <span class=\"orbit-caption     thumb-on\" id='post-762'>\n    \n    <h5 class=\"orbit-title1 size-\">Pa\u00eds multitud, piezas Rasti, 2010.<\/h5>\n    <p class=\"size-\"> <\/p>\n<\/span>  \n\r\n            <div class='sorbit-wide absoluteCenter'  \r\n                            data-caption='#post-602' \r\n                            data-thumb='http:\/\/norainiesta.com\/wp-content\/uploads\/2012\/05\/Nora-Iniesta-305x305.jpg'>\n  <a class=\"sorbit-link thickbox\" href=\"http:\/\/norainiesta.com\/wp-content\/uploads\/2012\/05\/Nora-Iniesta.jpg\" rel=\"\" title=\"Pampero amordazado, cintas pl\u00e1sticas trenzadas y ensambladas, 2010.\">\n<img class=\"absoluteCenter noStretch\"\n  src=\"http:\/\/norainiesta.com\/wp-content\/uploads\/2012\/05\/Nora-Iniesta.jpg\" \n  alt=\"Pampero amordazado, cintas pl\u00e1sticas trenzadas y ensambladas, 2010.\" \/>\n<\/a> \r\n            <\/div>\r\n\r\n                <span class=\"orbit-caption     thumb-on\" id='post-602'>\n    \n    <h5 class=\"orbit-title1 size-\">Pampero amordazado, cintas pl\u00e1sticas trenzadas y ensambladas, 2010.<\/h5>\n    <p class=\"size-\"> <\/p>\n<\/span>  \n\r\n            <div class='sorbit-wide absoluteCenter'  \r\n                            data-caption='#post-1904' \r\n                            data-thumb='http:\/\/norainiesta.com\/wp-content\/uploads\/2012\/05\/Zapatillas-I-Nora-Iniesta-Celeste-y-blanca-t\u00e9nica-mixta-2010-305x305.jpg'>\n  <a class=\"sorbit-link thickbox\" href=\"http:\/\/norainiesta.com\/wp-content\/uploads\/2012\/05\/Zapatillas-I-Nora-Iniesta-Celeste-y-blanca-t\u00e9nica-mixta-2010.jpg\" rel=\"\" title=\"Zapatillas Topper bicentenario, cintas ensambladas, 2010\">\n<img class=\"absoluteCenter noStretch\"\n  src=\"http:\/\/norainiesta.com\/wp-content\/uploads\/2012\/05\/Zapatillas-I-Nora-Iniesta-Celeste-y-blanca-t\u00e9nica-mixta-2010.jpg\" \n  alt=\"Zapatillas Topper bicentenario, cintas ensambladas, 2010\" \/>\n<\/a> \r\n            <\/div>\r\n\r\n                <span class=\"orbit-caption     thumb-on\" id='post-1904'>\n    \n    <h5 class=\"orbit-title1 size-\">Zapatillas Topper bicentenario, cintas ensambladas, 2010<\/h5>\n    <p class=\"size-\"> <\/p>\n<\/span>  \n\r\n            <div class='sorbit-wide absoluteCenter'  \r\n                            data-caption='#post-1903' \r\n                            data-thumb='http:\/\/norainiesta.com\/wp-content\/uploads\/2012\/05\/Zapatilla-Nora-Iniesta-Celeste-y-blanca-t\u00e9nica-mixta-2010-305x305.jpg'>\n  <a class=\"sorbit-link thickbox\" href=\"http:\/\/norainiesta.com\/wp-content\/uploads\/2012\/05\/Zapatilla-Nora-Iniesta-Celeste-y-blanca-t\u00e9nica-mixta-2010.jpg\" rel=\"\" title=\"Zapatilla Topper bicentenario, Celeste y blanca- cintas ensambladas 2010\">\n<img class=\"absoluteCenter noStretch\"\n  src=\"http:\/\/norainiesta.com\/wp-content\/uploads\/2012\/05\/Zapatilla-Nora-Iniesta-Celeste-y-blanca-t\u00e9nica-mixta-2010.jpg\" \n  alt=\"Zapatilla Topper bicentenario, Celeste y blanca- cintas ensambladas 2010\" \/>\n<\/a> \r\n            <\/div>\r\n\r\n                <span class=\"orbit-caption     thumb-on\" id='post-1903'>\n    \n    <h5 class=\"orbit-title1 size-\">Zapatilla Topper bicentenario, Celeste y blanca- cintas ensambladas 2010<\/h5>\n    <p class=\"size-\"> <\/p>\n<\/span>  \n\r\n            <div class='sorbit-wide absoluteCenter'  \r\n                            data-caption='#post-1906' \r\n                            data-thumb='http:\/\/norainiesta.com\/wp-content\/uploads\/2012\/05\/Zapatillas-Nora-Iniesta-Celeste-y-blanca-t\u00e9nica-mixta-2010-305x305.jpg'>\n  <a class=\"sorbit-link thickbox\" href=\"http:\/\/norainiesta.com\/wp-content\/uploads\/2012\/05\/Zapatillas-Nora-Iniesta-Celeste-y-blanca-t\u00e9nica-mixta-2010.jpg\" rel=\"\" title=\"Topper bicentenario, Celeste y blanca, cintas ensambladas, 2010\">\n<img class=\"absoluteCenter noStretch\"\n  src=\"http:\/\/norainiesta.com\/wp-content\/uploads\/2012\/05\/Zapatillas-Nora-Iniesta-Celeste-y-blanca-t\u00e9nica-mixta-2010.jpg\" \n  alt=\"Topper bicentenario, Celeste y blanca, cintas ensambladas, 2010\" \/>\n<\/a> \r\n            <\/div>\r\n\r\n                <span class=\"orbit-caption     thumb-on\" id='post-1906'>\n    \n    <h5 class=\"orbit-title1 size-\">Topper bicentenario, Celeste y blanca, cintas ensambladas, 2010<\/h5>\n    <p class=\"size-\"> <\/p>\n<\/span>  \n\r\n            <div class='sorbit-wide absoluteCenter'  \r\n                            data-caption='#post-1902' \r\n                            data-thumb='http:\/\/norainiesta.com\/wp-content\/uploads\/2012\/05\/Detalle-zapatilla-Nora-Iniesta-Celeste-y-blanca-t\u00e9nica-mixta-2010-305x305.jpg'>\n  <a class=\"sorbit-link thickbox\" href=\"http:\/\/norainiesta.com\/wp-content\/uploads\/2012\/05\/Detalle-zapatilla-Nora-Iniesta-Celeste-y-blanca-t\u00e9nica-mixta-2010.jpg\" rel=\"\" title=\"Zapatilla Topper bicentenario celeste y blanca- cintas ensambladas, detalle   2010\">\n<img class=\"absoluteCenter noStretch\"\n  src=\"http:\/\/norainiesta.com\/wp-content\/uploads\/2012\/05\/Detalle-zapatilla-Nora-Iniesta-Celeste-y-blanca-t\u00e9nica-mixta-2010.jpg\" \n  alt=\"Zapatilla Topper bicentenario celeste y blanca- cintas ensambladas, detalle   2010\" \/>\n<\/a> \r\n            <\/div>\r\n\r\n                <span class=\"orbit-caption     thumb-on\" id='post-1902'>\n    \n    <h5 class=\"orbit-title1 size-\">Zapatilla Topper bicentenario celeste y blanca- cintas ensambladas, detalle   2010<\/h5>\n    <p class=\"size-\"> <\/p>\n<\/span>  \n\r\n            <div class='sorbit-wide absoluteCenter'  \r\n                            data-caption='#post-763' \r\n                            data-thumb='http:\/\/norainiesta.com\/wp-content\/uploads\/2012\/05\/Pa\u00eds-tridimensional-Rasti-75x4x35cm-305x305.jpg'>\n  <a class=\"sorbit-link thickbox\" href=\"http:\/\/norainiesta.com\/wp-content\/uploads\/2012\/05\/Pa\u00eds-tridimensional-Rasti-75x4x35cm.jpg\" rel=\"\" title=\"Pa\u00eds, piezas Rasti,  7,5 x 4 x 3,5 cm, 2010.\">\n<img class=\"absoluteCenter noStretch\"\n  src=\"http:\/\/norainiesta.com\/wp-content\/uploads\/2012\/05\/Pa\u00eds-tridimensional-Rasti-75x4x35cm.jpg\" \n  alt=\"Pa\u00eds, piezas Rasti,  7,5 x 4 x 3,5 cm, 2010.\" \/>\n<\/a> \r\n            <\/div>\r\n\r\n                <span class=\"orbit-caption     thumb-on\" id='post-763'>\n    \n    <h5 class=\"orbit-title1 size-\">Pa\u00eds, piezas Rasti,  7,5 x 4 x 3,5 cm, 2010.<\/h5>\n    <p class=\"size-\"> <\/p>\n<\/span>  \n\r\n            <div class='sorbit-wide absoluteCenter'  \r\n                            data-caption='#post-814' \r\n                            data-thumb='http:\/\/norainiesta.com\/wp-content\/uploads\/2012\/05\/DSC_0613-305x305.jpg'>\n  <a class=\"sorbit-link thickbox\" href=\"http:\/\/norainiesta.com\/wp-content\/uploads\/2012\/05\/DSC_0613.jpg\" rel=\"\" title=\"Prendedor patrio, bicentenario, piedras engarzadas, 2010.\">\n<img class=\"absoluteCenter noStretch\"\n  src=\"http:\/\/norainiesta.com\/wp-content\/uploads\/2012\/05\/DSC_0613.jpg\" \n  alt=\"Prendedor patrio, bicentenario, piedras engarzadas, 2010.\" \/>\n<\/a> \r\n            <\/div>\r\n\r\n                <span class=\"orbit-caption     thumb-on\" id='post-814'>\n    \n    <h5 class=\"orbit-title1 size-\">Prendedor patrio, bicentenario, piedras engarzadas, 2010.<\/h5>\n    <p class=\"size-\"> <\/p>\n<\/span>  \n\r\n            <div class='sorbit-wide absoluteCenter'  \r\n                            data-caption='#post-579' \r\n                            data-thumb='http:\/\/norainiesta.com\/wp-content\/uploads\/2012\/05\/2010-Virgen-Nora-Iniesta-alta-resoluci\u00f3n-305x305.jpg'>\n  <a class=\"sorbit-link thickbox\" href=\"http:\/\/norainiesta.com\/wp-content\/uploads\/2012\/05\/2010-Virgen-Nora-Iniesta-alta-resoluci\u00f3n.jpg\" rel=\"\" title=\"Virgen de Luj\u00e1n, acr\u00edlico y pl\u00e1stico sobre madera, 2011.\">\n<img class=\"absoluteCenter noStretch\"\n  src=\"http:\/\/norainiesta.com\/wp-content\/uploads\/2012\/05\/2010-Virgen-Nora-Iniesta-alta-resoluci\u00f3n.jpg\" \n  alt=\"Virgen de Luj\u00e1n, acr\u00edlico y pl\u00e1stico sobre madera, 2011.\" \/>\n<\/a> \r\n            <\/div>\r\n\r\n                <span class=\"orbit-caption     thumb-on\" id='post-579'>\n    \n    <h5 class=\"orbit-title1 size-\">Virgen de Luj\u00e1n, acr\u00edlico y pl\u00e1stico sobre madera, 2011.<\/h5>\n    <p class=\"size-\"> <\/p>\n<\/span>  \n\r\n            <div class='sorbit-wide absoluteCenter'  \r\n                            data-caption='#post-586' \r\n                            data-thumb='http:\/\/norainiesta.com\/wp-content\/uploads\/2012\/05\/DSC00447-305x305.jpg'>\n  <a class=\"sorbit-link thickbox\" href=\"http:\/\/norainiesta.com\/wp-content\/uploads\/2012\/05\/DSC00447.jpg\" rel=\"\" title=\"Silla matera, cintas entrelazadas sobre madera, 2011.\">\n<img class=\"absoluteCenter noStretch\"\n  src=\"http:\/\/norainiesta.com\/wp-content\/uploads\/2012\/05\/DSC00447.jpg\" \n  alt=\"Silla matera, cintas entrelazadas sobre madera, 2011.\" \/>\n<\/a> \r\n            <\/div>\r\n\r\n                <span class=\"orbit-caption     thumb-on\" id='post-586'>\n    \n    <h5 class=\"orbit-title1 size-\">Silla matera, cintas entrelazadas sobre madera, 2011.<\/h5>\n    <p class=\"size-\"> <\/p>\n<\/span>  \n\r\n            <div class='sorbit-wide absoluteCenter'  \r\n                            data-caption='#post-835' \r\n                            data-thumb='http:\/\/norainiesta.com\/wp-content\/uploads\/2012\/05\/DSCN5025-305x305.jpg'>\n  <a class=\"sorbit-link thickbox\" href=\"http:\/\/norainiesta.com\/wp-content\/uploads\/2012\/05\/DSCN5025.jpg\" rel=\"\" title=\"Coraz\u00f3n patrio, cintas ensambladas, 2011.\">\n<img class=\"absoluteCenter noStretch\"\n  src=\"http:\/\/norainiesta.com\/wp-content\/uploads\/2012\/05\/DSCN5025.jpg\" \n  alt=\"Coraz\u00f3n patrio, cintas ensambladas, 2011.\" \/>\n<\/a> \r\n            <\/div>\r\n\r\n                <span class=\"orbit-caption     thumb-on\" id='post-835'>\n    \n    <h5 class=\"orbit-title1 size-\">Coraz\u00f3n patrio, cintas ensambladas, 2011.<\/h5>\n    <p class=\"size-\"> <\/p>\n<\/span>  \n\r\n            <div class='sorbit-wide absoluteCenter'  \r\n                            data-caption='#post-2334' \r\n                            data-thumb='http:\/\/norainiesta.com\/wp-content\/uploads\/2012\/05\/pulpito-012-305x305.jpg'>\n  <a class=\"sorbit-link thickbox\" href=\"http:\/\/norainiesta.com\/wp-content\/uploads\/2012\/05\/pulpito-012.jpg\" rel=\"\" title=\"Abran juego, pelota pulpito intervenida, 2011\">\n<img class=\"absoluteCenter noStretch\"\n  src=\"http:\/\/norainiesta.com\/wp-content\/uploads\/2012\/05\/pulpito-012.jpg\" \n  alt=\"Abran juego, pelota pulpito intervenida, 2011\" \/>\n<\/a> \r\n            <\/div>\r\n\r\n                <span class=\"orbit-caption     thumb-on\" id='post-2334'>\n    \n    <h5 class=\"orbit-title1 size-\">Abran juego, pelota pulpito intervenida, 2011<\/h5>\n    <p class=\"size-\"> <\/p>\n<\/span>  \n\r\n            <div class='sorbit-wide absoluteCenter'  \r\n                            data-caption='#post-1820' \r\n                            data-thumb='http:\/\/norainiesta.com\/wp-content\/uploads\/2012\/05\/NORA-y-YO-YO-305x305.jpg'>\n  <a class=\"sorbit-link thickbox\" href=\"http:\/\/norainiesta.com\/wp-content\/uploads\/2012\/05\/NORA-y-YO-YO.jpg\" rel=\"\" title=\"Yo-Yo Patrio, 2012\">\n<img class=\"absoluteCenter noStretch\"\n  src=\"http:\/\/norainiesta.com\/wp-content\/uploads\/2012\/05\/NORA-y-YO-YO.jpg\" \n  alt=\"Yo-Yo Patrio, 2012\" \/>\n<\/a> \r\n            <\/div>\r\n\r\n                <span class=\"orbit-caption     thumb-on\" id='post-1820'>\n    \n    <h5 class=\"orbit-title1 size-\">Yo-Yo Patrio, 2012<\/h5>\n    <p class=\"size-\"> <\/p>\n<\/span>  \n\r\n            <div class='sorbit-wide absoluteCenter'  \r\n                            data-caption='#post-580' \r\n                            data-thumb='http:\/\/norainiesta.com\/wp-content\/uploads\/2012\/05\/2012-Pampero-_Objetos-ensamblados_70cmx255cm_2012-Nora-Iniesta_1-305x305.jpg'>\n  <a class=\"sorbit-link thickbox\" href=\"http:\/\/norainiesta.com\/wp-content\/uploads\/2012\/05\/2012-Pampero-_Objetos-ensamblados_70cmx255cm_2012-Nora-Iniesta_1.jpg\" rel=\"\" title=\"Pampero, 70cm x 25,5 cm, 2012.\">\n<img class=\"absoluteCenter noStretch\"\n  src=\"http:\/\/norainiesta.com\/wp-content\/uploads\/2012\/05\/2012-Pampero-_Objetos-ensamblados_70cmx255cm_2012-Nora-Iniesta_1.jpg\" \n  alt=\"Pampero, 70cm x 25,5 cm, 2012.\" \/>\n<\/a> \r\n            <\/div>\r\n\r\n                <span class=\"orbit-caption     thumb-on\" id='post-580'>\n    \n    <h5 class=\"orbit-title1 size-\">Pampero, 70cm x 25,5 cm, 2012.<\/h5>\n    <p class=\"size-\"> <\/p>\n<\/span>  \n\r\n            <div class='sorbit-wide absoluteCenter'  \r\n                            data-caption='#post-2292' \r\n                            data-thumb='http:\/\/norainiesta.com\/wp-content\/uploads\/2012\/05\/Alegor\u00eda-II-bandera-cintas-ensambladas-29x29cm_2012-305x305.jpg'>\n  <a class=\"sorbit-link thickbox\" href=\"http:\/\/norainiesta.com\/wp-content\/uploads\/2012\/05\/Alegor\u00eda-II-bandera-cintas-ensambladas-29x29cm_2012.jpg\" rel=\"\" title=\"Alegor\u00eda II,  bandera; cintas ensambladas, 29 x 29 cm, 2012\">\n<img class=\"absoluteCenter noStretch\"\n  src=\"http:\/\/norainiesta.com\/wp-content\/uploads\/2012\/05\/Alegor\u00eda-II-bandera-cintas-ensambladas-29x29cm_2012.jpg\" \n  alt=\"Alegor\u00eda II,  bandera; cintas ensambladas, 29 x 29 cm, 2012\" \/>\n<\/a> \r\n            <\/div>\r\n\r\n                <span class=\"orbit-caption     thumb-on\" id='post-2292'>\n    \n    <h5 class=\"orbit-title1 size-\">Alegor\u00eda II,  bandera; cintas ensambladas, 29 x 29 cm, 2012<\/h5>\n    <p class=\"size-\"> <\/p>\n<\/span>  \n\r\n            <div class='sorbit-wide absoluteCenter'  \r\n                            data-caption='#post-2290' \r\n                            data-thumb='http:\/\/norainiesta.com\/wp-content\/uploads\/2012\/05\/Alegor\u00eda-I-bandera-cintas-ensambladas-29x29cm_2012-305x305.jpg'>\n  <a class=\"sorbit-link thickbox\" href=\"http:\/\/norainiesta.com\/wp-content\/uploads\/2012\/05\/Alegor\u00eda-I-bandera-cintas-ensambladas-29x29cm_2012.jpg\" rel=\"\" title=\"Alegor\u00eda I, bandera; cintas ensambladas, 29 x 29 cm, 2012\">\n<img class=\"absoluteCenter noStretch\"\n  src=\"http:\/\/norainiesta.com\/wp-content\/uploads\/2012\/05\/Alegor\u00eda-I-bandera-cintas-ensambladas-29x29cm_2012.jpg\" \n  alt=\"Alegor\u00eda I, bandera; cintas ensambladas, 29 x 29 cm, 2012\" \/>\n<\/a> \r\n            <\/div>\r\n\r\n                <span class=\"orbit-caption     thumb-on\" id='post-2290'>\n    \n    <h5 class=\"orbit-title1 size-\">Alegor\u00eda I, bandera; cintas ensambladas, 29 x 29 cm, 2012<\/h5>\n    <p class=\"size-\"> <\/p>\n<\/span>  \n\r\n            <div class='sorbit-wide absoluteCenter'  \r\n                            data-caption='#post-2294' \r\n                            data-thumb='http:\/\/norainiesta.com\/wp-content\/uploads\/2012\/05\/Banderita-objetos-ensamblados-28-x-28cm_2012-305x305.jpg'>\n  <a class=\"sorbit-link thickbox\" href=\"http:\/\/norainiesta.com\/wp-content\/uploads\/2012\/05\/Banderita-objetos-ensamblados-28-x-28cm_2012.jpg\" rel=\"\" title=\"Banderita, objetos ensamblados, 28 x 28 cm, 2012\">\n<img class=\"absoluteCenter noStretch\"\n  src=\"http:\/\/norainiesta.com\/wp-content\/uploads\/2012\/05\/Banderita-objetos-ensamblados-28-x-28cm_2012.jpg\" \n  alt=\"Banderita, objetos ensamblados, 28 x 28 cm, 2012\" \/>\n<\/a> \r\n            <\/div>\r\n\r\n                <span class=\"orbit-caption     thumb-on\" id='post-2294'>\n    \n    <h5 class=\"orbit-title1 size-\">Banderita, objetos ensamblados, 28 x 28 cm, 2012<\/h5>\n    <p class=\"size-\"> <\/p>\n<\/span>  \n\r\n            <div class='sorbit-wide absoluteCenter'  \r\n                            data-caption='#post-2296' \r\n                            data-thumb='http:\/\/norainiesta.com\/wp-content\/uploads\/2012\/05\/Corona-nacional-objetos-ensamblados-24x24cm_2012-305x305.jpg'>\n  <a class=\"sorbit-link thickbox\" href=\"http:\/\/norainiesta.com\/wp-content\/uploads\/2012\/05\/Corona-nacional-objetos-ensamblados-24x24cm_2012.jpg\" rel=\"\" title=\"Corona nacional,  objetos ensamblados, 24 x 24 cm, 2012\">\n<img class=\"absoluteCenter noStretch\"\n  src=\"http:\/\/norainiesta.com\/wp-content\/uploads\/2012\/05\/Corona-nacional-objetos-ensamblados-24x24cm_2012.jpg\" \n  alt=\"Corona nacional,  objetos ensamblados, 24 x 24 cm, 2012\" \/>\n<\/a> \r\n            <\/div>\r\n\r\n                <span class=\"orbit-caption     thumb-on\" id='post-2296'>\n    \n    <h5 class=\"orbit-title1 size-\">Corona nacional,  objetos ensamblados, 24 x 24 cm, 2012<\/h5>\n    <p class=\"size-\"> <\/p>\n<\/span>  \n\r\n            <div class='sorbit-wide absoluteCenter'  \r\n                            data-caption='#post-2299' \r\n                            data-thumb='http:\/\/norainiesta.com\/wp-content\/uploads\/2012\/05\/Chicas-Argentinas-II-objetos-ensamblados-30x30cm_2012-305x305.jpg'>\n  <a class=\"sorbit-link thickbox\" href=\"http:\/\/norainiesta.com\/wp-content\/uploads\/2012\/05\/Chicas-Argentinas-II-objetos-ensamblados-30x30cm_2012.jpg\" rel=\"\" title=\"Chicas Argentinas II, objetos ensamblados, 30 x 30 cm, 2012\">\n<img class=\"absoluteCenter noStretch\"\n  src=\"http:\/\/norainiesta.com\/wp-content\/uploads\/2012\/05\/Chicas-Argentinas-II-objetos-ensamblados-30x30cm_2012.jpg\" \n  alt=\"Chicas Argentinas II, objetos ensamblados, 30 x 30 cm, 2012\" \/>\n<\/a> \r\n            <\/div>\r\n\r\n                <span class=\"orbit-caption     thumb-on\" id='post-2299'>\n    \n    <h5 class=\"orbit-title1 size-\">Chicas Argentinas II, objetos ensamblados, 30 x 30 cm, 2012<\/h5>\n    <p class=\"size-\"> <\/p>\n<\/span>  \n\r\n            <div class='sorbit-wide absoluteCenter'  \r\n                            data-caption='#post-2298' \r\n                            data-thumb='http:\/\/norainiesta.com\/wp-content\/uploads\/2012\/05\/Chicas-Argentinas-I-objetos-ensamblados-30x30cm_2012-305x305.jpg'>\n  <a class=\"sorbit-link thickbox\" href=\"http:\/\/norainiesta.com\/wp-content\/uploads\/2012\/05\/Chicas-Argentinas-I-objetos-ensamblados-30x30cm_2012.jpg\" rel=\"\" title=\"Chicas Argentinas I,  objetos ensamblados, 30 x 30 cm, 2012\">\n<img class=\"absoluteCenter noStretch\"\n  src=\"http:\/\/norainiesta.com\/wp-content\/uploads\/2012\/05\/Chicas-Argentinas-I-objetos-ensamblados-30x30cm_2012.jpg\" \n  alt=\"Chicas Argentinas I,  objetos ensamblados, 30 x 30 cm, 2012\" \/>\n<\/a> \r\n            <\/div>\r\n\r\n                <span class=\"orbit-caption     thumb-on\" id='post-2298'>\n    \n    <h5 class=\"orbit-title1 size-\">Chicas Argentinas I,  objetos ensamblados, 30 x 30 cm, 2012<\/h5>\n    <p class=\"size-\"> <\/p>\n<\/span>  \n\r\n            <div class='sorbit-wide absoluteCenter'  \r\n                            data-caption='#post-2304' \r\n                            data-thumb='http:\/\/norainiesta.com\/wp-content\/uploads\/2012\/05\/En-vuelo-atr\u00e1s-pintura-acr\u00edlica-sobre-madera-20x10x3cm_2012-305x305.jpg'>\n  <a class=\"sorbit-link thickbox\" href=\"http:\/\/norainiesta.com\/wp-content\/uploads\/2012\/05\/En-vuelo-atr\u00e1s-pintura-acr\u00edlica-sobre-madera-20x10x3cm_2012.jpg\" rel=\"\" title=\"En vuelo, (dorso), pintura acr\u00edlica sobre madera, 20 x 10 x 3cm,_2012\">\n<img class=\"absoluteCenter noStretch\"\n  src=\"http:\/\/norainiesta.com\/wp-content\/uploads\/2012\/05\/En-vuelo-atr\u00e1s-pintura-acr\u00edlica-sobre-madera-20x10x3cm_2012.jpg\" \n  alt=\"En vuelo, (dorso), pintura acr\u00edlica sobre madera, 20 x 10 x 3cm,_2012\" \/>\n<\/a> \r\n            <\/div>\r\n\r\n                <span class=\"orbit-caption     thumb-on\" id='post-2304'>\n    \n    <h5 class=\"orbit-title1 size-\">En vuelo, (dorso), pintura acr\u00edlica sobre madera, 20 x 10 x 3cm,_2012<\/h5>\n    <p class=\"size-\"> <\/p>\n<\/span>  \n\r\n            <div class='sorbit-wide absoluteCenter'  \r\n                            data-caption='#post-2306' \r\n                            data-thumb='http:\/\/norainiesta.com\/wp-content\/uploads\/2012\/05\/En-vuelo-frente-pintura-acr\u00edlica-sobre-madera-20x10x3cm_2012-305x305.jpg'>\n  <a class=\"sorbit-link thickbox\" href=\"http:\/\/norainiesta.com\/wp-content\/uploads\/2012\/05\/En-vuelo-frente-pintura-acr\u00edlica-sobre-madera-20x10x3cm_2012.jpg\" rel=\"\" title=\"En vuelo, (frente), pintura acr\u00edlica sobre madera, 20 x 10 x 3 cm, 2012\">\n<img class=\"absoluteCenter noStretch\"\n  src=\"http:\/\/norainiesta.com\/wp-content\/uploads\/2012\/05\/En-vuelo-frente-pintura-acr\u00edlica-sobre-madera-20x10x3cm_2012.jpg\" \n  alt=\"En vuelo, (frente), pintura acr\u00edlica sobre madera, 20 x 10 x 3 cm, 2012\" \/>\n<\/a> \r\n            <\/div>\r\n\r\n                <span class=\"orbit-caption     thumb-on\" id='post-2306'>\n    \n    <h5 class=\"orbit-title1 size-\">En vuelo, (frente), pintura acr\u00edlica sobre madera, 20 x 10 x 3 cm, 2012<\/h5>\n    <p class=\"size-\"> <\/p>\n<\/span>  \n\r\n            <div class='sorbit-wide absoluteCenter'  \r\n                            data-caption='#post-2308' \r\n                            data-thumb='http:\/\/norainiesta.com\/wp-content\/uploads\/2012\/05\/Equilibrio-objetos-ensamblados-54x365cm_2012-305x305.jpg'>\n  <a class=\"sorbit-link thickbox\" href=\"http:\/\/norainiesta.com\/wp-content\/uploads\/2012\/05\/Equilibrio-objetos-ensamblados-54x365cm_2012.jpg\" rel=\"\" title=\"Equilibrio, objetos ensamblados, 54 x 36,5 cm, 2012\">\n<img class=\"absoluteCenter noStretch\"\n  src=\"http:\/\/norainiesta.com\/wp-content\/uploads\/2012\/05\/Equilibrio-objetos-ensamblados-54x365cm_2012.jpg\" \n  alt=\"Equilibrio, objetos ensamblados, 54 x 36,5 cm, 2012\" \/>\n<\/a> \r\n            <\/div>\r\n\r\n                <span class=\"orbit-caption     thumb-on\" id='post-2308'>\n    \n    <h5 class=\"orbit-title1 size-\">Equilibrio, objetos ensamblados, 54 x 36,5 cm, 2012<\/h5>\n    <p class=\"size-\"> <\/p>\n<\/span>  \n\r\n            <div class='sorbit-wide absoluteCenter'  \r\n                            data-caption='#post-2309' \r\n                            data-thumb='http:\/\/norainiesta.com\/wp-content\/uploads\/2012\/05\/Ideas-Argentinas-objetos-ensamblados-32x15x15cm_2012-305x305.jpg'>\n  <a class=\"sorbit-link thickbox\" href=\"http:\/\/norainiesta.com\/wp-content\/uploads\/2012\/05\/Ideas-Argentinas-objetos-ensamblados-32x15x15cm_2012.jpg\" rel=\"\" title=\"Ideas Argentinas,  objetos ensamblados, 32 x 15 x 15cm, 2012\">\n<img class=\"absoluteCenter noStretch\"\n  src=\"http:\/\/norainiesta.com\/wp-content\/uploads\/2012\/05\/Ideas-Argentinas-objetos-ensamblados-32x15x15cm_2012.jpg\" \n  alt=\"Ideas Argentinas,  objetos ensamblados, 32 x 15 x 15cm, 2012\" \/>\n<\/a> \r\n            <\/div>\r\n\r\n                <span class=\"orbit-caption     thumb-on\" id='post-2309'>\n    \n    <h5 class=\"orbit-title1 size-\">Ideas Argentinas,  objetos ensamblados, 32 x 15 x 15cm, 2012<\/h5>\n    <p class=\"size-\"> <\/p>\n<\/span>  \n\r\n            <div class='sorbit-wide absoluteCenter'  \r\n                            data-caption='#post-2310' \r\n                            data-thumb='http:\/\/norainiesta.com\/wp-content\/uploads\/2012\/05\/La-patria-nacional-objetos-ensamblados-325cm_2012-305x305.jpg'>\n  <a class=\"sorbit-link thickbox\" href=\"http:\/\/norainiesta.com\/wp-content\/uploads\/2012\/05\/La-patria-nacional-objetos-ensamblados-325cm_2012.jpg\" rel=\"\" title=\"La Patria Nacional, objetos ensamblados, 32,5 x 32,5 cm, 2012\">\n<img class=\"absoluteCenter noStretch\"\n  src=\"http:\/\/norainiesta.com\/wp-content\/uploads\/2012\/05\/La-patria-nacional-objetos-ensamblados-325cm_2012.jpg\" \n  alt=\"La Patria Nacional, objetos ensamblados, 32,5 x 32,5 cm, 2012\" \/>\n<\/a> \r\n            <\/div>\r\n\r\n                <span class=\"orbit-caption     thumb-on\" id='post-2310'>\n    \n    <h5 class=\"orbit-title1 size-\">La Patria Nacional, objetos ensamblados, 32,5 x 32,5 cm, 2012<\/h5>\n    <p class=\"size-\"> <\/p>\n<\/span>  \n\r\n            <div class='sorbit-wide absoluteCenter'  \r\n                            data-caption='#post-2288' \r\n                            data-thumb='http:\/\/norainiesta.com\/wp-content\/uploads\/2012\/05\/A-la-conquista-del-Mundo_detalle-objetos-ensamblados-28-x-28cm-_2012-305x305.jpg'>\n  <a class=\"sorbit-link thickbox\" href=\"http:\/\/norainiesta.com\/wp-content\/uploads\/2012\/05\/A-la-conquista-del-Mundo_detalle-objetos-ensamblados-28-x-28cm-_2012.jpg\" rel=\"\" title=\"A la conquista del Mundo (detalle), objetos ensamblados, 28 x 28 cm, 2012\">\n<img class=\"absoluteCenter noStretch\"\n  src=\"http:\/\/norainiesta.com\/wp-content\/uploads\/2012\/05\/A-la-conquista-del-Mundo_detalle-objetos-ensamblados-28-x-28cm-_2012.jpg\" \n  alt=\"A la conquista del Mundo (detalle), objetos ensamblados, 28 x 28 cm, 2012\" \/>\n<\/a> \r\n            <\/div>\r\n\r\n                <span class=\"orbit-caption     thumb-on\" id='post-2288'>\n    \n    <h5 class=\"orbit-title1 size-\">A la conquista del Mundo (detalle), objetos ensamblados, 28 x 28 cm, 2012<\/h5>\n    <p class=\"size-\"> <\/p>\n<\/span>  \n\r\n            <div class='sorbit-wide absoluteCenter'  \r\n                            data-caption='#post-2320' \r\n                            data-thumb='http:\/\/norainiesta.com\/wp-content\/uploads\/2012\/05\/A-la-conquista-del-Mundo-objetos-ensamblados-28cmx28cm-_2012-305x305.jpg'>\n  <a class=\"sorbit-link thickbox\" href=\"http:\/\/norainiesta.com\/wp-content\/uploads\/2012\/05\/A-la-conquista-del-Mundo-objetos-ensamblados-28cmx28cm-_2012.jpg\" rel=\"\" title=\"A la conquista del Mundo,  objetos ensamblados, 28 x 28 cm, 2012\">\n<img class=\"absoluteCenter noStretch\"\n  src=\"http:\/\/norainiesta.com\/wp-content\/uploads\/2012\/05\/A-la-conquista-del-Mundo-objetos-ensamblados-28cmx28cm-_2012.jpg\" \n  alt=\"A la conquista del Mundo,  objetos ensamblados, 28 x 28 cm, 2012\" \/>\n<\/a> \r\n            <\/div>\r\n\r\n                <span class=\"orbit-caption     thumb-on\" id='post-2320'>\n    \n    <h5 class=\"orbit-title1 size-\">A la conquista del Mundo,  objetos ensamblados, 28 x 28 cm, 2012<\/h5>\n    <p class=\"size-\"> <\/p>\n<\/span>  \n\r\n            <div class='sorbit-wide absoluteCenter'  \r\n                            data-caption='#post-2324' \r\n                            data-thumb='http:\/\/norainiesta.com\/wp-content\/uploads\/2012\/05\/Desencuentros-III-detalle-atr\u00e1s-objetos-ensamblados-455x235x575cm_2012-305x305.jpg'>\n  <a class=\"sorbit-link thickbox\" href=\"http:\/\/norainiesta.com\/wp-content\/uploads\/2012\/05\/Desencuentros-III-detalle-atr\u00e1s-objetos-ensamblados-455x235x575cm_2012.jpg\" rel=\"\" title=\"Desencuentros III, (detalle atr\u00e1s), objetos ensamblados, 45,5 x 23,5 x 57,5 cm, 2012\">\n<img class=\"absoluteCenter noStretch\"\n  src=\"http:\/\/norainiesta.com\/wp-content\/uploads\/2012\/05\/Desencuentros-III-detalle-atr\u00e1s-objetos-ensamblados-455x235x575cm_2012.jpg\" \n  alt=\"Desencuentros III, (detalle atr\u00e1s), objetos ensamblados, 45,5 x 23,5 x 57,5 cm, 2012\" \/>\n<\/a> \r\n            <\/div>\r\n\r\n                <span class=\"orbit-caption     thumb-on\" id='post-2324'>\n    \n    <h5 class=\"orbit-title1 size-\">Desencuentros III, (detalle atr\u00e1s), objetos ensamblados, 45,5 x 23,5 x 57,5 cm, 2012<\/h5>\n    <p class=\"size-\"> <\/p>\n<\/span>  \n\r\n            <div class='sorbit-wide absoluteCenter'  \r\n                            data-caption='#post-2327' \r\n                            data-thumb='http:\/\/norainiesta.com\/wp-content\/uploads\/2012\/05\/Desencuentros-III-frente-objetos-ensamblados-455x235x575cm_2012-305x305.jpg'>\n  <a class=\"sorbit-link thickbox\" href=\"http:\/\/norainiesta.com\/wp-content\/uploads\/2012\/05\/Desencuentros-III-frente-objetos-ensamblados-455x235x575cm_2012.jpg\" rel=\"\" title=\"Desencuentros III, (frente), objetos ensamblados, 45,5 x 23,5 x 57,5 cm, 2012\">\n<img class=\"absoluteCenter noStretch\"\n  src=\"http:\/\/norainiesta.com\/wp-content\/uploads\/2012\/05\/Desencuentros-III-frente-objetos-ensamblados-455x235x575cm_2012.jpg\" \n  alt=\"Desencuentros III, (frente), objetos ensamblados, 45,5 x 23,5 x 57,5 cm, 2012\" \/>\n<\/a> \r\n            <\/div>\r\n\r\n                <span class=\"orbit-caption     thumb-on\" id='post-2327'>\n    \n    <h5 class=\"orbit-title1 size-\">Desencuentros III, (frente), objetos ensamblados, 45,5 x 23,5 x 57,5 cm, 2012<\/h5>\n    <p class=\"size-\"> <\/p>\n<\/span>  \n\r\n            <div class='sorbit-wide absoluteCenter'  \r\n                            data-caption='#post-2323' \r\n                            data-thumb='http:\/\/norainiesta.com\/wp-content\/uploads\/2012\/05\/Desencuentros-II-detalle-frente-objetos-ensamblados-455x235x575cm_2012-305x305.jpg'>\n  <a class=\"sorbit-link thickbox\" href=\"http:\/\/norainiesta.com\/wp-content\/uploads\/2012\/05\/Desencuentros-II-detalle-frente-objetos-ensamblados-455x235x575cm_2012.jpg\" rel=\"\" title=\"Desencuentros II, (detalle frente), objetos ensamblados, 45,5 x 23,5 x 57,5 cm, 2012\">\n<img class=\"absoluteCenter noStretch\"\n  src=\"http:\/\/norainiesta.com\/wp-content\/uploads\/2012\/05\/Desencuentros-II-detalle-frente-objetos-ensamblados-455x235x575cm_2012.jpg\" \n  alt=\"Desencuentros II, (detalle frente), objetos ensamblados, 45,5 x 23,5 x 57,5 cm, 2012\" \/>\n<\/a> \r\n            <\/div>\r\n\r\n                <span class=\"orbit-caption     thumb-on\" id='post-2323'>\n    \n    <h5 class=\"orbit-title1 size-\">Desencuentros II, (detalle frente), objetos ensamblados, 45,5 x 23,5 x 57,5 cm, 2012<\/h5>\n    <p class=\"size-\"> <\/p>\n<\/span>  \n\r\n            <div class='sorbit-wide absoluteCenter'  \r\n                            data-caption='#post-2325' \r\n                            data-thumb='http:\/\/norainiesta.com\/wp-content\/uploads\/2012\/05\/Desencuentros-II-frente-objetos-ensamblados-455x235x575cm_2012-305x305.jpg'>\n  <a class=\"sorbit-link thickbox\" href=\"http:\/\/norainiesta.com\/wp-content\/uploads\/2012\/05\/Desencuentros-II-frente-objetos-ensamblados-455x235x575cm_2012.jpg\" rel=\"\" title=\"Desencuentros II, (frente), objetos ensamblados, 45,5 x 23,5 x 57,5 cm, 2012\">\n<img class=\"absoluteCenter noStretch\"\n  src=\"http:\/\/norainiesta.com\/wp-content\/uploads\/2012\/05\/Desencuentros-II-frente-objetos-ensamblados-455x235x575cm_2012.jpg\" \n  alt=\"Desencuentros II, (frente), objetos ensamblados, 45,5 x 23,5 x 57,5 cm, 2012\" \/>\n<\/a> \r\n            <\/div>\r\n\r\n                <span class=\"orbit-caption     thumb-on\" id='post-2325'>\n    \n    <h5 class=\"orbit-title1 size-\">Desencuentros II, (frente), objetos ensamblados, 45,5 x 23,5 x 57,5 cm, 2012<\/h5>\n    <p class=\"size-\"> <\/p>\n<\/span>  \n\r\n            <div class='sorbit-wide absoluteCenter'  \r\n                            data-caption='#post-2322' \r\n                            data-thumb='http:\/\/norainiesta.com\/wp-content\/uploads\/2012\/05\/Desencuentros-I-detalle-frente-objetos-ensamblados-455x235x575cm_2012-305x305.jpg'>\n  <a class=\"sorbit-link thickbox\" href=\"http:\/\/norainiesta.com\/wp-content\/uploads\/2012\/05\/Desencuentros-I-detalle-frente-objetos-ensamblados-455x235x575cm_2012.jpg\" rel=\"\" title=\"Desencuentros I, (detalle frente), objetos ensamblados, 45,5 x 23,5 x 57,5cm, 2012\">\n<img class=\"absoluteCenter noStretch\"\n  src=\"http:\/\/norainiesta.com\/wp-content\/uploads\/2012\/05\/Desencuentros-I-detalle-frente-objetos-ensamblados-455x235x575cm_2012.jpg\" \n  alt=\"Desencuentros I, (detalle frente), objetos ensamblados, 45,5 x 23,5 x 57,5cm, 2012\" \/>\n<\/a> \r\n            <\/div>\r\n\r\n                <span class=\"orbit-caption     thumb-on\" id='post-2322'>\n    \n    <h5 class=\"orbit-title1 size-\">Desencuentros I, (detalle frente), objetos ensamblados, 45,5 x 23,5 x 57,5cm, 2012<\/h5>\n    <p class=\"size-\"> <\/p>\n<\/span>  \n\r\n            <div class='sorbit-wide absoluteCenter'  \r\n                            data-caption='#post-2300' \r\n                            data-thumb='http:\/\/norainiesta.com\/wp-content\/uploads\/2012\/05\/Desencuentros-I-frente-objetos-ensamblados-455x235x575cm_2012-305x305.jpg'>\n  <a class=\"sorbit-link thickbox\" href=\"http:\/\/norainiesta.com\/wp-content\/uploads\/2012\/05\/Desencuentros-I-frente-objetos-ensamblados-455x235x575cm_2012.jpg\" rel=\"\" title=\"Desencuentros I, (frente), objetos ensamblados, 45,5 x 23,5 x 57,5cm, 2012\">\n<img class=\"absoluteCenter noStretch\"\n  src=\"http:\/\/norainiesta.com\/wp-content\/uploads\/2012\/05\/Desencuentros-I-frente-objetos-ensamblados-455x235x575cm_2012.jpg\" \n  alt=\"Desencuentros I, (frente), objetos ensamblados, 45,5 x 23,5 x 57,5cm, 2012\" \/>\n<\/a> \r\n            <\/div>\r\n\r\n                <span class=\"orbit-caption     thumb-on\" id='post-2300'>\n    \n    <h5 class=\"orbit-title1 size-\">Desencuentros I, (frente), objetos ensamblados, 45,5 x 23,5 x 57,5cm, 2012<\/h5>\n    <p class=\"size-\"> <\/p>\n<\/span>  \n\r\n            <div class='sorbit-wide absoluteCenter'  \r\n                            data-caption='#post-2464' \r\n                            data-thumb='http:\/\/norainiesta.com\/wp-content\/uploads\/2012\/05\/Mirando-a-oriente-cintas-ensambladas-52x52cm_2012-305x305.jpg'>\n  <a class=\"sorbit-link thickbox\" href=\"http:\/\/norainiesta.com\/wp-content\/uploads\/2012\/05\/Mirando-a-oriente-cintas-ensambladas-52x52cm_2012.jpg\" rel=\"\" title=\"Mirando a oriente, cintas ensambladas, 52 x 52 cm, 2012\">\n<img class=\"absoluteCenter noStretch\"\n  src=\"http:\/\/norainiesta.com\/wp-content\/uploads\/2012\/05\/Mirando-a-oriente-cintas-ensambladas-52x52cm_2012.jpg\" \n  alt=\"Mirando a oriente, cintas ensambladas, 52 x 52 cm, 2012\" \/>\n<\/a> \r\n            <\/div>\r\n\r\n                <span class=\"orbit-caption     thumb-on\" id='post-2464'>\n    \n    <h5 class=\"orbit-title1 size-\">Mirando a oriente, cintas ensambladas, 52 x 52 cm, 2012<\/h5>\n    <p class=\"size-\"> <\/p>\n<\/span>  \n\r\n            <div class='sorbit-wide absoluteCenter'  \r\n                            data-caption='#post-2984' \r\n                            data-thumb='http:\/\/norainiesta.com\/wp-content\/uploads\/2015\/07\/A\u00f1o-2015-La-Esperanza-T\u00e9cnica-Objetos-Ensamblados-Medidas-60X60cm-Nora-Iniesta-ALTA1-305x305.jpg'>\n  <a class=\"sorbit-link thickbox\" href=\"http:\/\/norainiesta.com\/wp-content\/uploads\/2015\/07\/A\u00f1o-2015-La-Esperanza-T\u00e9cnica-Objetos-Ensamblados-Medidas-60X60cm-Nora-Iniesta-ALTA1.jpg\" rel=\"\" title=\"La Esperanza, objetos ensamblados. 60 x 60 cm. 2015\">\n<img class=\"absoluteCenter noStretch\"\n  src=\"http:\/\/norainiesta.com\/wp-content\/uploads\/2015\/07\/A\u00f1o-2015-La-Esperanza-T\u00e9cnica-Objetos-Ensamblados-Medidas-60X60cm-Nora-Iniesta-ALTA1.jpg\" \n  alt=\"La Esperanza, objetos ensamblados. 60 x 60 cm. 2015\" \/>\n<\/a> \r\n            <\/div>\r\n\r\n                <span class=\"orbit-caption     thumb-on\" id='post-2984'>\n    \n    <h5 class=\"orbit-title1 size-\">La Esperanza, objetos ensamblados. 60 x 60 cm. 2015<\/h5>\n    <p class=\"size-\"> <\/p>\n<\/span>  \n\r\n            <div class='sorbit-wide absoluteCenter'  \r\n                            data-caption='#post-6140' \r\n                            data-thumb='http:\/\/norainiesta.com\/wp-content\/uploads\/2012\/05\/Eso-en-mi-cabeza-objetos-ensamblados-madera-y-papel-moneda-48-x-70-cm-2019-7-305x305.jpg'>\n  <a class=\"sorbit-link thickbox\" href=\"http:\/\/norainiesta.com\/wp-content\/uploads\/2012\/05\/Eso-en-mi-cabeza-objetos-ensamblados-madera-y-papel-moneda-48-x-70-cm-2019-7.jpg\" rel=\"\" title=\"Eso en mi cabeza, objetos ensamblados, madera y papel moneda, 48 x 70 cm , 2019\">\n<img class=\"absoluteCenter noStretch\"\n  src=\"http:\/\/norainiesta.com\/wp-content\/uploads\/2012\/05\/Eso-en-mi-cabeza-objetos-ensamblados-madera-y-papel-moneda-48-x-70-cm-2019-7.jpg\" \n  alt=\"Eso en mi cabeza, objetos ensamblados, madera y papel moneda, 48 x 70 cm , 2019\" \/>\n<\/a> \r\n            <\/div>\r\n\r\n                <span class=\"orbit-caption     thumb-on\" id='post-6140'>\n    \n    <h5 class=\"orbit-title1 size-\">Eso en mi cabeza, objetos ensamblados, madera y papel moneda, 48 x 70 cm , 2019<\/h5>\n    <p class=\"size-\"> <\/p>\n<\/span>  \n\r\n            <div class='sorbit-wide absoluteCenter'  \r\n                            data-caption='#post-5023' \r\n                            data-thumb='http:\/\/norainiesta.com\/wp-content\/uploads\/2012\/05\/bandera-cortada-305x305.jpg'>\n  <a class=\"sorbit-link thickbox\" href=\"http:\/\/norainiesta.com\/wp-content\/uploads\/2012\/05\/bandera-cortada.jpg\" rel=\"\" title=\"La m\u00e1s linda, mosaico veneciano, 100 cm x 100 cm, 2017\">\n<img class=\"absoluteCenter noStretch\"\n  src=\"http:\/\/norainiesta.com\/wp-content\/uploads\/2012\/05\/bandera-cortada.jpg\" \n  alt=\"La m\u00e1s linda, mosaico veneciano, 100 cm x 100 cm, 2017\" \/>\n<\/a> \r\n            <\/div>\r\n\r\n                <span class=\"orbit-caption     thumb-on\" id='post-5023'>\n    \n    <h5 class=\"orbit-title1 size-\">La m\u00e1s linda, mosaico veneciano, 100 cm x 100 cm, 2017<\/h5>\n    <p class=\"size-\"> <\/p>\n<\/span>  \n\r\n            <div class='sorbit-wide absoluteCenter'  \r\n                            data-caption='#post-6139' \r\n                            data-thumb='http:\/\/norainiesta.com\/wp-content\/uploads\/2012\/05\/Eso-en-mi-cabeza-objetos-ensamblados-madera-y-papel-moneda-48-x-70-cm-2019-5-305x305.jpg'>\n  <a class=\"sorbit-link thickbox\" href=\"http:\/\/norainiesta.com\/wp-content\/uploads\/2012\/05\/Eso-en-mi-cabeza-objetos-ensamblados-madera-y-papel-moneda-48-x-70-cm-2019-5.jpg\" rel=\"\" title=\"Eso en mi cabeza, objetos ensamblados, madera y papel moneda, 48 x 70 cm , 2019\">\n<img class=\"absoluteCenter noStretch\"\n  src=\"http:\/\/norainiesta.com\/wp-content\/uploads\/2012\/05\/Eso-en-mi-cabeza-objetos-ensamblados-madera-y-papel-moneda-48-x-70-cm-2019-5.jpg\" \n  alt=\"Eso en mi cabeza, objetos ensamblados, madera y papel moneda, 48 x 70 cm , 2019\" \/>\n<\/a> \r\n            <\/div>\r\n\r\n                <span class=\"orbit-caption     thumb-on\" id='post-6139'>\n    \n    <h5 class=\"orbit-title1 size-\">Eso en mi cabeza, objetos ensamblados, madera y papel moneda, 48 x 70 cm , 2019<\/h5>\n    <p class=\"size-\"> <\/p>\n<\/span>  \n\r\n                        <\/div> <!-- end featured -->\r\n\r\n        <\/div>\r\n            <script type=\"text\/javascript\">\n        jQuery(document).ready(function($) {\n            $('#featured1').satlorbit({\n                animation: 'fade-blend',  \/\/ fade, horizontal-slide, vertical-slide, horizontal-push\n                animationSpeed: 700,  \/\/ how fast animations are\n                timer: true,  \/\/ true or false to have the timer\n                advanceSpeed: 5000, \t\t \/\/ if timer is enabled, time between transitions \n                pauseOnHover: false, \t\t \/\/ if you hover pauses the slider\n                startClockOnMouseOut: false, \t \/\/ if clock should start on MouseOut\n                startClockOnMouseOutAfter: 1000, \t \/\/ how long after MouseOut should the timer start again\n                directionalNav: true, \t\t \/\/ manual advancing directional navs\n                captions: true,\t \/\/ do you want captions?\n                captionAnimation: 'slideOpen', \/\/ fade, slideOpen, none\n                captionHover: false, \/\/ true means only show caption on mousehover\n                captionAnimationSpeed: 800, \t \/\/ if so how quickly should they animate in\n                bullets: true,\t\/\/ true or false to activate the bullet navigation\n                bulletThumbs: true,\t\t \/\/ thumbnails for the bullets\n                bulletThumbLocation: '',\t \/\/ location from this file where thumbs will be\n                afterSlideChange: function(){},    \/\/ empty function \n                centerBullets: true,\n                navOpacity: 0.3,\n                sideThumbs: false,\n                preloader: 1,\n                thumbWidth: 85,\n                respExtra: 30, \/\/ the width beyond the slide image\n                alwaysPlayBtn: false            });\n        });\n        jQuery('.orbit-thumbnails').ready(function ($) {\n          if ($('.orbit-thumbnails').width() < $('.thumbholder').width()) {\n            $('.orbit-thumbnails').css('margin', '0 auto');\n          }\n        });\n\n                jQuery(window).resize(function($) {\n            jQuery('#featured1').satlresponse({\n                respExtra: 0, \/\/ the width beyond the slide image\n                sideThumbs: false            });\n        });\n              \n            <\/script>\r\n        <!--  CUSTOM GALLERY -->\r\n    \n","protected":false},"excerpt":{"rendered":"","protected":false},"author":1,"featured_media":2320,"comment_status":"closed","ping_status":"closed","sticky":false,"template":"","format":"standard","meta":[],"categories":[8,12],"tags":[],"_links":{"self":[{"href":"http:\/\/norainiesta.com\/index.php?rest_route=\/wp\/v2\/posts\/578"}],"collection":[{"href":"http:\/\/norainiesta.com\/index.php?rest_route=\/wp\/v2\/posts"}],"about":[{"href":"http:\/\/norainiesta.com\/index.php?rest_route=\/wp\/v2\/types\/post"}],"author":[{"embeddable":true,"href":"http:\/\/norainiesta.com\/index.php?rest_route=\/wp\/v2\/users\/1"}],"replies":[{"embeddable":true,"href":"http:\/\/norainiesta.com\/index.php?rest_route=%2Fwp%2Fv2%2Fcomments&post=578"}],"version-history":[{"count":35,"href":"http:\/\/norainiesta.com\/index.php?rest_route=\/wp\/v2\/posts\/578\/revisions"}],"predecessor-version":[{"id":3464,"href":"http:\/\/norainiesta.com\/index.php?rest_route=\/wp\/v2\/posts\/578\/revisions\/3464"}],"wp:featuredmedia":[{"embeddable":true,"href":"http:\/\/norainiesta.com\/index.php?rest_route=\/wp\/v2\/media\/2320"}],"wp:attachment":[{"href":"http:\/\/norainiesta.com\/index.php?rest_route=%2Fwp%2Fv2%2Fmedia&parent=578"}],"wp:term":[{"taxonomy":"category","embeddable":true,"href":"http:\/\/norainiesta.com\/index.php?rest_route=%2Fwp%2Fv2%2Fcategories&post=578"},{"taxonomy":"post_tag","embeddable":true,"href":"http:\/\/norainiesta.com\/index.php?rest_route=%2Fwp%2Fv2%2Ftags&post=578"}],"curies":[{"name":"wp","href":"https:\/\/api.w.org\/{rel}","templated":true}]}}