{"id":116,"date":"2012-05-23T19:05:21","date_gmt":"2012-05-23T19:05:21","guid":{"rendered":"http:\/\/norainiesta.com\/?p=116"},"modified":"2016-02-02T20:56:42","modified_gmt":"2016-02-02T20:56:42","slug":"evita-recorre-el-pais","status":"publish","type":"post","link":"https:\/\/norainiesta.com\/?p=116","title":{"rendered":"Evita, Maestra recorre el pa\u00eds, Serie, 2007."},"content":{"rendered":"\r\n\r\n\r\n    \r\n        <!-- =======================================\r\n        THE ORBIT SLIDER CONTENT \r\n        ======================================= -->\r\n        <div class=\"orbit-default\r\n                 default-thumbs                                 resp             \">\r\n            <div id=\"featured1\"> \r\n                <div class='sorbit-wide absoluteCenter'  \r\n                            data-caption='#post-3331' \r\n                            data-thumb='https:\/\/norainiesta.com\/wp-content\/uploads\/2012\/05\/38MONTE-BUENOS-AIRES_-Evita-Maestra-recorre-el-pa\u00eds-serie-t\u00e9cnica-mixta-sobre-pizarr\u00f3n-21-305x305.jpg'>\n  <a class=\"sorbit-link thickbox\" href=\"https:\/\/norainiesta.com\/wp-content\/uploads\/2012\/05\/38MONTE-BUENOS-AIRES_-Evita-Maestra-recorre-el-pa\u00eds-serie-t\u00e9cnica-mixta-sobre-pizarr\u00f3n-21.jpg\" rel=\"\" title=\"Evita Maestra recorre el pa\u00eds, Monte, Buenos AIres ; serie, t\u00e9cnica mixta sobre pizarr\u00f3n; 21 x 30 cm, 2007\">\n<img class=\"absoluteCenter noStretch\"\n  src=\"https:\/\/norainiesta.com\/wp-content\/uploads\/2012\/05\/38MONTE-BUENOS-AIRES_-Evita-Maestra-recorre-el-pa\u00eds-serie-t\u00e9cnica-mixta-sobre-pizarr\u00f3n-21.jpg\" \n  alt=\"Evita Maestra recorre el pa\u00eds, Monte, Buenos AIres ; serie, t\u00e9cnica mixta sobre pizarr\u00f3n; 21 x 30 cm, 2007\" \/>\n<\/a> \r\n            <\/div>\r\n\r\n                <span class=\"orbit-caption     thumb-on\" id='post-3331'>\n    \n    <h5 class=\"orbit-title1 size-\">Evita Maestra recorre el pa\u00eds, Monte, Buenos AIres ; serie, t\u00e9cnica mixta sobre pizarr\u00f3n; 21 x 30 cm, 2007<\/h5>\n    <p class=\"size-\"> <\/p>\n<\/span>  \n\r\n            <div class='sorbit-wide absoluteCenter'  \r\n                            data-caption='#post-3330' \r\n                            data-thumb='https:\/\/norainiesta.com\/wp-content\/uploads\/2012\/05\/37R\u00cdO-MANSO-R\u00cdO-NEGRO_-Evita-Maestra-recorreel-pa\u00eds-serie-t\u00e9cnica-mixta-sobre-pizarr\u00f3n-21-305x305.jpg'>\n  <a class=\"sorbit-link thickbox\" href=\"https:\/\/norainiesta.com\/wp-content\/uploads\/2012\/05\/37R\u00cdO-MANSO-R\u00cdO-NEGRO_-Evita-Maestra-recorreel-pa\u00eds-serie-t\u00e9cnica-mixta-sobre-pizarr\u00f3n-21.jpg\" rel=\"\" title=\"Evita Maestra recorre el pa\u00eds, R\u00edo Manso, R\u00edo Negro ; serie, t\u00e9cnica mixta sobre pizarr\u00f3n; 21 x 30 cm, 2007\">\n<img class=\"absoluteCenter noStretch\"\n  src=\"https:\/\/norainiesta.com\/wp-content\/uploads\/2012\/05\/37R\u00cdO-MANSO-R\u00cdO-NEGRO_-Evita-Maestra-recorreel-pa\u00eds-serie-t\u00e9cnica-mixta-sobre-pizarr\u00f3n-21.jpg\" \n  alt=\"Evita Maestra recorre el pa\u00eds, R\u00edo Manso, R\u00edo Negro ; serie, t\u00e9cnica mixta sobre pizarr\u00f3n; 21 x 30 cm, 2007\" \/>\n<\/a> \r\n            <\/div>\r\n\r\n                <span class=\"orbit-caption     thumb-on\" id='post-3330'>\n    \n    <h5 class=\"orbit-title1 size-\">Evita Maestra recorre el pa\u00eds, R\u00edo Manso, R\u00edo Negro ; serie, t\u00e9cnica mixta sobre pizarr\u00f3n; 21 x 30 cm, 2007<\/h5>\n    <p class=\"size-\"> <\/p>\n<\/span>  \n\r\n            <div class='sorbit-wide absoluteCenter'  \r\n                            data-caption='#post-3329' \r\n                            data-thumb='https:\/\/norainiesta.com\/wp-content\/uploads\/2012\/05\/36PALACIO-SAN-JOS\u00c9-ENTRE-R\u00cdOS_-Evita-Maestra-recorre-el-pa\u00eds-serie-t\u00e9cnica-mixta-sobre-pi-305x305.jpg'>\n  <a class=\"sorbit-link thickbox\" href=\"https:\/\/norainiesta.com\/wp-content\/uploads\/2012\/05\/36PALACIO-SAN-JOS\u00c9-ENTRE-R\u00cdOS_-Evita-Maestra-recorre-el-pa\u00eds-serie-t\u00e9cnica-mixta-sobre-pi.jpg\" rel=\"\" title=\"Evita Maestra recorre el pa\u00eds, Palacio San Jos\u00e9, Entre R\u00edos ; serie, t\u00e9cnica mixta sobre pizarr\u00f3n; 21 x 30 cm, 2007\">\n<img class=\"absoluteCenter noStretch\"\n  src=\"https:\/\/norainiesta.com\/wp-content\/uploads\/2012\/05\/36PALACIO-SAN-JOS\u00c9-ENTRE-R\u00cdOS_-Evita-Maestra-recorre-el-pa\u00eds-serie-t\u00e9cnica-mixta-sobre-pi.jpg\" \n  alt=\"Evita Maestra recorre el pa\u00eds, Palacio San Jos\u00e9, Entre R\u00edos ; serie, t\u00e9cnica mixta sobre pizarr\u00f3n; 21 x 30 cm, 2007\" \/>\n<\/a> \r\n            <\/div>\r\n\r\n                <span class=\"orbit-caption     thumb-on\" id='post-3329'>\n    \n    <h5 class=\"orbit-title1 size-\">Evita Maestra recorre el pa\u00eds, Palacio San Jos\u00e9, Entre R\u00edos ; serie, t\u00e9cnica mixta sobre pizarr\u00f3n; 21 x 30 cm, 2007<\/h5>\n    <p class=\"size-\"> <\/p>\n<\/span>  \n\r\n            <div class='sorbit-wide absoluteCenter'  \r\n                            data-caption='#post-3328' \r\n                            data-thumb='https:\/\/norainiesta.com\/wp-content\/uploads\/2012\/05\/33-CAFAYATE-SALTA_-Evita-Maestra-recorre-el-pa\u00eds-serie-t\u00e9cnica-mixta-sobre-pizarr\u00f3n-21x30c-305x305.jpg'>\n  <a class=\"sorbit-link thickbox\" href=\"https:\/\/norainiesta.com\/wp-content\/uploads\/2012\/05\/33-CAFAYATE-SALTA_-Evita-Maestra-recorre-el-pa\u00eds-serie-t\u00e9cnica-mixta-sobre-pizarr\u00f3n-21x30c.jpg\" rel=\"\" title=\"Evita Maestra recorre el pa\u00eds, Cafayate, Salta ; serie, t\u00e9cnica mixta sobre pizarr\u00f3n; 21 x 30 cm, 2007\">\n<img class=\"absoluteCenter noStretch\"\n  src=\"https:\/\/norainiesta.com\/wp-content\/uploads\/2012\/05\/33-CAFAYATE-SALTA_-Evita-Maestra-recorre-el-pa\u00eds-serie-t\u00e9cnica-mixta-sobre-pizarr\u00f3n-21x30c.jpg\" \n  alt=\"Evita Maestra recorre el pa\u00eds, Cafayate, Salta ; serie, t\u00e9cnica mixta sobre pizarr\u00f3n; 21 x 30 cm, 2007\" \/>\n<\/a> \r\n            <\/div>\r\n\r\n                <span class=\"orbit-caption     thumb-on\" id='post-3328'>\n    \n    <h5 class=\"orbit-title1 size-\">Evita Maestra recorre el pa\u00eds, Cafayate, Salta ; serie, t\u00e9cnica mixta sobre pizarr\u00f3n; 21 x 30 cm, 2007<\/h5>\n    <p class=\"size-\"> <\/p>\n<\/span>  \n\r\n            <div class='sorbit-wide absoluteCenter'  \r\n                            data-caption='#post-3327' \r\n                            data-thumb='https:\/\/norainiesta.com\/wp-content\/uploads\/2012\/05\/32-CAFAYATE-SALTA_-Evita-Maestra-recorreel-pa\u00eds-serie-t\u00e9cnica-mixta-sobre-pizarr\u00f3n-21x30cm-305x305.jpg'>\n  <a class=\"sorbit-link thickbox\" href=\"https:\/\/norainiesta.com\/wp-content\/uploads\/2012\/05\/32-CAFAYATE-SALTA_-Evita-Maestra-recorreel-pa\u00eds-serie-t\u00e9cnica-mixta-sobre-pizarr\u00f3n-21x30cm.jpg\" rel=\"\" title=\"Evita Maestra recorre el pa\u00eds, Cafayate, Salta ; serie, t\u00e9cnica mixta sobre pizarr\u00f3n; 21 x 30 cm, 2007\">\n<img class=\"absoluteCenter noStretch\"\n  src=\"https:\/\/norainiesta.com\/wp-content\/uploads\/2012\/05\/32-CAFAYATE-SALTA_-Evita-Maestra-recorreel-pa\u00eds-serie-t\u00e9cnica-mixta-sobre-pizarr\u00f3n-21x30cm.jpg\" \n  alt=\"Evita Maestra recorre el pa\u00eds, Cafayate, Salta ; serie, t\u00e9cnica mixta sobre pizarr\u00f3n; 21 x 30 cm, 2007\" \/>\n<\/a> \r\n            <\/div>\r\n\r\n                <span class=\"orbit-caption     thumb-on\" id='post-3327'>\n    \n    <h5 class=\"orbit-title1 size-\">Evita Maestra recorre el pa\u00eds, Cafayate, Salta ; serie, t\u00e9cnica mixta sobre pizarr\u00f3n; 21 x 30 cm, 2007<\/h5>\n    <p class=\"size-\"> <\/p>\n<\/span>  \n\r\n            <div class='sorbit-wide absoluteCenter'  \r\n                            data-caption='#post-3326' \r\n                            data-thumb='https:\/\/norainiesta.com\/wp-content\/uploads\/2012\/05\/31CAFAYATE-SALTA_-Evita-Maestr-recorre-el-pa\u00eds-serie-t\u00e9cnica-mixta-sobre-pizarr\u00f3n-21x30cm-305x305.jpg'>\n  <a class=\"sorbit-link thickbox\" href=\"https:\/\/norainiesta.com\/wp-content\/uploads\/2012\/05\/31CAFAYATE-SALTA_-Evita-Maestr-recorre-el-pa\u00eds-serie-t\u00e9cnica-mixta-sobre-pizarr\u00f3n-21x30cm.jpg\" rel=\"\" title=\"Evita Maestra recorre el pa\u00eds, Cafayate, Salta ; serie, t\u00e9cnica mixta sobre pizarr\u00f3n; 21 x 30 cm, 2007\">\n<img class=\"absoluteCenter noStretch\"\n  src=\"https:\/\/norainiesta.com\/wp-content\/uploads\/2012\/05\/31CAFAYATE-SALTA_-Evita-Maestr-recorre-el-pa\u00eds-serie-t\u00e9cnica-mixta-sobre-pizarr\u00f3n-21x30cm.jpg\" \n  alt=\"Evita Maestra recorre el pa\u00eds, Cafayate, Salta ; serie, t\u00e9cnica mixta sobre pizarr\u00f3n; 21 x 30 cm, 2007\" \/>\n<\/a> \r\n            <\/div>\r\n\r\n                <span class=\"orbit-caption     thumb-on\" id='post-3326'>\n    \n    <h5 class=\"orbit-title1 size-\">Evita Maestra recorre el pa\u00eds, Cafayate, Salta ; serie, t\u00e9cnica mixta sobre pizarr\u00f3n; 21 x 30 cm, 2007<\/h5>\n    <p class=\"size-\"> <\/p>\n<\/span>  \n\r\n            <div class='sorbit-wide absoluteCenter'  \r\n                            data-caption='#post-3325' \r\n                            data-thumb='https:\/\/norainiesta.com\/wp-content\/uploads\/2012\/05\/28MENDOZA_-Evita-Maestra-recorre-el-pa\u00eds-serie-t\u00e9cnica-mixta-sobre-pizarr\u00f3n-21x30cm-2007-305x305.jpg'>\n  <a class=\"sorbit-link thickbox\" href=\"https:\/\/norainiesta.com\/wp-content\/uploads\/2012\/05\/28MENDOZA_-Evita-Maestra-recorre-el-pa\u00eds-serie-t\u00e9cnica-mixta-sobre-pizarr\u00f3n-21x30cm-2007.jpg\" rel=\"\" title=\"Evita Maestra recorre el pa\u00eds, Mendoza ; serie, t\u00e9cnica mixta sobre pizarr\u00f3n; 21 x 30 cm, 2007\">\n<img class=\"absoluteCenter noStretch\"\n  src=\"https:\/\/norainiesta.com\/wp-content\/uploads\/2012\/05\/28MENDOZA_-Evita-Maestra-recorre-el-pa\u00eds-serie-t\u00e9cnica-mixta-sobre-pizarr\u00f3n-21x30cm-2007.jpg\" \n  alt=\"Evita Maestra recorre el pa\u00eds, Mendoza ; serie, t\u00e9cnica mixta sobre pizarr\u00f3n; 21 x 30 cm, 2007\" \/>\n<\/a> \r\n            <\/div>\r\n\r\n                <span class=\"orbit-caption     thumb-on\" id='post-3325'>\n    \n    <h5 class=\"orbit-title1 size-\">Evita Maestra recorre el pa\u00eds, Mendoza ; serie, t\u00e9cnica mixta sobre pizarr\u00f3n; 21 x 30 cm, 2007<\/h5>\n    <p class=\"size-\"> <\/p>\n<\/span>  \n\r\n            <div class='sorbit-wide absoluteCenter'  \r\n                            data-caption='#post-3324' \r\n                            data-thumb='https:\/\/norainiesta.com\/wp-content\/uploads\/2012\/05\/27-SALTA_-Evita-Maestra-recorre-el-pa\u00eds-serie-t\u00e9cnica-mixta-sobre-pizarr\u00f3n-21x30cm-2007-305x305.jpg'>\n  <a class=\"sorbit-link thickbox\" href=\"https:\/\/norainiesta.com\/wp-content\/uploads\/2012\/05\/27-SALTA_-Evita-Maestra-recorre-el-pa\u00eds-serie-t\u00e9cnica-mixta-sobre-pizarr\u00f3n-21x30cm-2007.jpg\" rel=\"\" title=\"Evita Maestra recorre el pa\u00eds, Salta ; serie, t\u00e9cnica mixta sobre pizarr\u00f3n; 21 x 30 cm, 2007\">\n<img class=\"absoluteCenter noStretch\"\n  src=\"https:\/\/norainiesta.com\/wp-content\/uploads\/2012\/05\/27-SALTA_-Evita-Maestra-recorre-el-pa\u00eds-serie-t\u00e9cnica-mixta-sobre-pizarr\u00f3n-21x30cm-2007.jpg\" \n  alt=\"Evita Maestra recorre el pa\u00eds, Salta ; serie, t\u00e9cnica mixta sobre pizarr\u00f3n; 21 x 30 cm, 2007\" \/>\n<\/a> \r\n            <\/div>\r\n\r\n                <span class=\"orbit-caption     thumb-on\" id='post-3324'>\n    \n    <h5 class=\"orbit-title1 size-\">Evita Maestra recorre el pa\u00eds, Salta ; serie, t\u00e9cnica mixta sobre pizarr\u00f3n; 21 x 30 cm, 2007<\/h5>\n    <p class=\"size-\"> <\/p>\n<\/span>  \n\r\n            <div class='sorbit-wide absoluteCenter'  \r\n                            data-caption='#post-3323' \r\n                            data-thumb='https:\/\/norainiesta.com\/wp-content\/uploads\/2012\/05\/26-LAS-HORNILLAS-SAN-JUAN-Evita-Maestra-recorre-el-pa\u00eds-serie-t\u00e9cnica-mixta-sobre-pizarr\u00f3-305x305.jpg'>\n  <a class=\"sorbit-link thickbox\" href=\"https:\/\/norainiesta.com\/wp-content\/uploads\/2012\/05\/26-LAS-HORNILLAS-SAN-JUAN-Evita-Maestra-recorre-el-pa\u00eds-serie-t\u00e9cnica-mixta-sobre-pizarr\u00f3.jpg\" rel=\"\" title=\"Evita Maestra recorre el pa\u00eds, Las Hornillas, San Juan ; serie, t\u00e9cnica mixta sobre pizarr\u00f3n; 21 x 30 cm, 2007\">\n<img class=\"absoluteCenter noStretch\"\n  src=\"https:\/\/norainiesta.com\/wp-content\/uploads\/2012\/05\/26-LAS-HORNILLAS-SAN-JUAN-Evita-Maestra-recorre-el-pa\u00eds-serie-t\u00e9cnica-mixta-sobre-pizarr\u00f3.jpg\" \n  alt=\"Evita Maestra recorre el pa\u00eds, Las Hornillas, San Juan ; serie, t\u00e9cnica mixta sobre pizarr\u00f3n; 21 x 30 cm, 2007\" \/>\n<\/a> \r\n            <\/div>\r\n\r\n                <span class=\"orbit-caption     thumb-on\" id='post-3323'>\n    \n    <h5 class=\"orbit-title1 size-\">Evita Maestra recorre el pa\u00eds, Las Hornillas, San Juan ; serie, t\u00e9cnica mixta sobre pizarr\u00f3n; 21 x 30 cm, 2007<\/h5>\n    <p class=\"size-\"> <\/p>\n<\/span>  \n\r\n            <div class='sorbit-wide absoluteCenter'  \r\n                            data-caption='#post-3322' \r\n                            data-thumb='https:\/\/norainiesta.com\/wp-content\/uploads\/2012\/05\/24EL-SUR_-Evita-Maestra-recorre-el-pa\u00eds-serie-t\u00e9cnica-mixta-sobre-pizarr\u00f3n-21x30cm-2007-305x305.jpg'>\n  <a class=\"sorbit-link thickbox\" href=\"https:\/\/norainiesta.com\/wp-content\/uploads\/2012\/05\/24EL-SUR_-Evita-Maestra-recorre-el-pa\u00eds-serie-t\u00e9cnica-mixta-sobre-pizarr\u00f3n-21x30cm-2007.jpg\" rel=\"\" title=\"Evita Maestra recorre el pa\u00eds, El Sur ; serie, t\u00e9cnica mixta sobre pizarr\u00f3n; 21 x 30 cm, 2007\">\n<img class=\"absoluteCenter noStretch\"\n  src=\"https:\/\/norainiesta.com\/wp-content\/uploads\/2012\/05\/24EL-SUR_-Evita-Maestra-recorre-el-pa\u00eds-serie-t\u00e9cnica-mixta-sobre-pizarr\u00f3n-21x30cm-2007.jpg\" \n  alt=\"Evita Maestra recorre el pa\u00eds, El Sur ; serie, t\u00e9cnica mixta sobre pizarr\u00f3n; 21 x 30 cm, 2007\" \/>\n<\/a> \r\n            <\/div>\r\n\r\n                <span class=\"orbit-caption     thumb-on\" id='post-3322'>\n    \n    <h5 class=\"orbit-title1 size-\">Evita Maestra recorre el pa\u00eds, El Sur ; serie, t\u00e9cnica mixta sobre pizarr\u00f3n; 21 x 30 cm, 2007<\/h5>\n    <p class=\"size-\"> <\/p>\n<\/span>  \n\r\n            <div class='sorbit-wide absoluteCenter'  \r\n                            data-caption='#post-3321' \r\n                            data-thumb='https:\/\/norainiesta.com\/wp-content\/uploads\/2012\/05\/23-Evita-Maestra-serie-t\u00e9cnica-mixta-sobre-pizarr\u00f3n21x30cm-2007-305x305.jpg'>\n  <a class=\"sorbit-link thickbox\" href=\"https:\/\/norainiesta.com\/wp-content\/uploads\/2012\/05\/23-Evita-Maestra-serie-t\u00e9cnica-mixta-sobre-pizarr\u00f3n21x30cm-2007.jpg\" rel=\"\" title=\"Evita Maestra recorre el pa\u00eds, Jujuy; serie, t\u00e9cnica mixta sobre pizarr\u00f3n; 21 x 30 cm, 2007\">\n<img class=\"absoluteCenter noStretch\"\n  src=\"https:\/\/norainiesta.com\/wp-content\/uploads\/2012\/05\/23-Evita-Maestra-serie-t\u00e9cnica-mixta-sobre-pizarr\u00f3n21x30cm-2007.jpg\" \n  alt=\"Evita Maestra recorre el pa\u00eds, Jujuy; serie, t\u00e9cnica mixta sobre pizarr\u00f3n; 21 x 30 cm, 2007\" \/>\n<\/a> \r\n            <\/div>\r\n\r\n                <span class=\"orbit-caption     thumb-on\" id='post-3321'>\n    \n    <h5 class=\"orbit-title1 size-\">Evita Maestra recorre el pa\u00eds, Jujuy; serie, t\u00e9cnica mixta sobre pizarr\u00f3n; 21 x 30 cm, 2007<\/h5>\n    <p class=\"size-\"> <\/p>\n<\/span>  \n\r\n            <div class='sorbit-wide absoluteCenter'  \r\n                            data-caption='#post-3320' \r\n                            data-thumb='https:\/\/norainiesta.com\/wp-content\/uploads\/2012\/05\/22-Evita-Maestra-serie-t\u00e9cnica-mixta-21x30cm-2007-305x305.jpg'>\n  <a class=\"sorbit-link thickbox\" href=\"https:\/\/norainiesta.com\/wp-content\/uploads\/2012\/05\/22-Evita-Maestra-serie-t\u00e9cnica-mixta-21x30cm-2007.jpg\" rel=\"\" title=\"Evita Maestra recorre el pa\u00eds, La Plaza; serie, t\u00e9cnica mixta sobre pizarr\u00f3n; 21 x 30 cm, 2007\">\n<img class=\"absoluteCenter noStretch\"\n  src=\"https:\/\/norainiesta.com\/wp-content\/uploads\/2012\/05\/22-Evita-Maestra-serie-t\u00e9cnica-mixta-21x30cm-2007.jpg\" \n  alt=\"Evita Maestra recorre el pa\u00eds, La Plaza; serie, t\u00e9cnica mixta sobre pizarr\u00f3n; 21 x 30 cm, 2007\" \/>\n<\/a> \r\n            <\/div>\r\n\r\n                <span class=\"orbit-caption     thumb-on\" id='post-3320'>\n    \n    <h5 class=\"orbit-title1 size-\">Evita Maestra recorre el pa\u00eds, La Plaza; serie, t\u00e9cnica mixta sobre pizarr\u00f3n; 21 x 30 cm, 2007<\/h5>\n    <p class=\"size-\"> <\/p>\n<\/span>  \n\r\n            <div class='sorbit-wide absoluteCenter'  \r\n                            data-caption='#post-3319' \r\n                            data-thumb='https:\/\/norainiesta.com\/wp-content\/uploads\/2012\/05\/18LA-CUMBRECITA-C\u00d3RDOBA_-Evita-Maestra-recorre-el-pa\u00eds-serie-t\u00e9cnica-mixta-sobre-pizarr\u00f3n-305x305.jpg'>\n  <a class=\"sorbit-link thickbox\" href=\"https:\/\/norainiesta.com\/wp-content\/uploads\/2012\/05\/18LA-CUMBRECITA-C\u00d3RDOBA_-Evita-Maestra-recorre-el-pa\u00eds-serie-t\u00e9cnica-mixta-sobre-pizarr\u00f3n.jpg\" rel=\"\" title=\"Evita Maestra recorre el pa\u00eds, La Cumbrecita , C\u00f3rdoba; serie, t\u00e9cnica mixta sobre pizarr\u00f3n; 21 x 30 cm, 2007\">\n<img class=\"absoluteCenter noStretch\"\n  src=\"https:\/\/norainiesta.com\/wp-content\/uploads\/2012\/05\/18LA-CUMBRECITA-C\u00d3RDOBA_-Evita-Maestra-recorre-el-pa\u00eds-serie-t\u00e9cnica-mixta-sobre-pizarr\u00f3n.jpg\" \n  alt=\"Evita Maestra recorre el pa\u00eds, La Cumbrecita , C\u00f3rdoba; serie, t\u00e9cnica mixta sobre pizarr\u00f3n; 21 x 30 cm, 2007\" \/>\n<\/a> \r\n            <\/div>\r\n\r\n                <span class=\"orbit-caption     thumb-on\" id='post-3319'>\n    \n    <h5 class=\"orbit-title1 size-\">Evita Maestra recorre el pa\u00eds, La Cumbrecita , C\u00f3rdoba; serie, t\u00e9cnica mixta sobre pizarr\u00f3n; 21 x 30 cm, 2007<\/h5>\n    <p class=\"size-\"> <\/p>\n<\/span>  \n\r\n            <div class='sorbit-wide absoluteCenter'  \r\n                            data-caption='#post-3318' \r\n                            data-thumb='https:\/\/norainiesta.com\/wp-content\/uploads\/2012\/05\/17-SAN-JUAN_-Evita-Maestra-recorre-el-pa\u00eds-serie-t\u00e9cnica-mixta-sobre-pizarr\u00f3n-21x30cm-2007-305x305.jpg'>\n  <a class=\"sorbit-link thickbox\" href=\"https:\/\/norainiesta.com\/wp-content\/uploads\/2012\/05\/17-SAN-JUAN_-Evita-Maestra-recorre-el-pa\u00eds-serie-t\u00e9cnica-mixta-sobre-pizarr\u00f3n-21x30cm-2007.jpg\" rel=\"\" title=\"Evita Maestra recorre el pa\u00eds, San Juan; serie, t\u00e9cnica mixta sobre pizarr\u00f3n; 21 x 30 cm, 2007\">\n<img class=\"absoluteCenter noStretch\"\n  src=\"https:\/\/norainiesta.com\/wp-content\/uploads\/2012\/05\/17-SAN-JUAN_-Evita-Maestra-recorre-el-pa\u00eds-serie-t\u00e9cnica-mixta-sobre-pizarr\u00f3n-21x30cm-2007.jpg\" \n  alt=\"Evita Maestra recorre el pa\u00eds, San Juan; serie, t\u00e9cnica mixta sobre pizarr\u00f3n; 21 x 30 cm, 2007\" \/>\n<\/a> \r\n            <\/div>\r\n\r\n                <span class=\"orbit-caption     thumb-on\" id='post-3318'>\n    \n    <h5 class=\"orbit-title1 size-\">Evita Maestra recorre el pa\u00eds, San Juan; serie, t\u00e9cnica mixta sobre pizarr\u00f3n; 21 x 30 cm, 2007<\/h5>\n    <p class=\"size-\"> <\/p>\n<\/span>  \n\r\n            <div class='sorbit-wide absoluteCenter'  \r\n                            data-caption='#post-3317' \r\n                            data-thumb='https:\/\/norainiesta.com\/wp-content\/uploads\/2012\/05\/16-R\u00cdO-NEGRO_-Evita-Maestra-recorre-el-pa\u00eds-serie-t\u00e9cnica-mixta-sobre-pizarr\u00f3n-21x30cm-2007-305x305.jpg'>\n  <a class=\"sorbit-link thickbox\" href=\"https:\/\/norainiesta.com\/wp-content\/uploads\/2012\/05\/16-R\u00cdO-NEGRO_-Evita-Maestra-recorre-el-pa\u00eds-serie-t\u00e9cnica-mixta-sobre-pizarr\u00f3n-21x30cm-2007.jpg\" rel=\"\" title=\"Evita Maestra recorre el pa\u00eds, R\u00edo Negro; serie, t\u00e9cnica mixta sobre pizarr\u00f3n; 21 x 30 cm, 2007\">\n<img class=\"absoluteCenter noStretch\"\n  src=\"https:\/\/norainiesta.com\/wp-content\/uploads\/2012\/05\/16-R\u00cdO-NEGRO_-Evita-Maestra-recorre-el-pa\u00eds-serie-t\u00e9cnica-mixta-sobre-pizarr\u00f3n-21x30cm-2007.jpg\" \n  alt=\"Evita Maestra recorre el pa\u00eds, R\u00edo Negro; serie, t\u00e9cnica mixta sobre pizarr\u00f3n; 21 x 30 cm, 2007\" \/>\n<\/a> \r\n            <\/div>\r\n\r\n                <span class=\"orbit-caption     thumb-on\" id='post-3317'>\n    \n    <h5 class=\"orbit-title1 size-\">Evita Maestra recorre el pa\u00eds, R\u00edo Negro; serie, t\u00e9cnica mixta sobre pizarr\u00f3n; 21 x 30 cm, 2007<\/h5>\n    <p class=\"size-\"> <\/p>\n<\/span>  \n\r\n            <div class='sorbit-wide absoluteCenter'  \r\n                            data-caption='#post-3316' \r\n                            data-thumb='https:\/\/norainiesta.com\/wp-content\/uploads\/2012\/05\/15MENDOZA_-Evita-Maestra-recorre-el-pa\u00eds-serie-t\u00e9cnica-mixta-sobre-pizarr\u00f3n-21x30cm-2007-305x305.jpg'>\n  <a class=\"sorbit-link thickbox\" href=\"https:\/\/norainiesta.com\/wp-content\/uploads\/2012\/05\/15MENDOZA_-Evita-Maestra-recorre-el-pa\u00eds-serie-t\u00e9cnica-mixta-sobre-pizarr\u00f3n-21x30cm-2007.jpg\" rel=\"\" title=\"Evita Maestra recorre el pa\u00eds, Mendoza; serie, t\u00e9cnica mixta sobre pizarr\u00f3n; 21 x 30 cm, 2007\">\n<img class=\"absoluteCenter noStretch\"\n  src=\"https:\/\/norainiesta.com\/wp-content\/uploads\/2012\/05\/15MENDOZA_-Evita-Maestra-recorre-el-pa\u00eds-serie-t\u00e9cnica-mixta-sobre-pizarr\u00f3n-21x30cm-2007.jpg\" \n  alt=\"Evita Maestra recorre el pa\u00eds, Mendoza; serie, t\u00e9cnica mixta sobre pizarr\u00f3n; 21 x 30 cm, 2007\" \/>\n<\/a> \r\n            <\/div>\r\n\r\n                <span class=\"orbit-caption     thumb-on\" id='post-3316'>\n    \n    <h5 class=\"orbit-title1 size-\">Evita Maestra recorre el pa\u00eds, Mendoza; serie, t\u00e9cnica mixta sobre pizarr\u00f3n; 21 x 30 cm, 2007<\/h5>\n    <p class=\"size-\"> <\/p>\n<\/span>  \n\r\n            <div class='sorbit-wide absoluteCenter'  \r\n                            data-caption='#post-3315' \r\n                            data-thumb='https:\/\/norainiesta.com\/wp-content\/uploads\/2012\/05\/14PURMAMARCA-JUJUY_-Evita-Maestra-recorre-el-pa\u00eds-serie-t\u00e9cnica-mixta-sobre-pizarr\u00f3n-21x3-305x305.jpg'>\n  <a class=\"sorbit-link thickbox\" href=\"https:\/\/norainiesta.com\/wp-content\/uploads\/2012\/05\/14PURMAMARCA-JUJUY_-Evita-Maestra-recorre-el-pa\u00eds-serie-t\u00e9cnica-mixta-sobre-pizarr\u00f3n-21x3.jpg\" rel=\"\" title=\"Evita Maestra recorre el pa\u00eds, Purmamarca, Jujuy; serie, t\u00e9cnica mixta sobre pizarr\u00f3n; 21 x 30 cm, 2007\">\n<img class=\"absoluteCenter noStretch\"\n  src=\"https:\/\/norainiesta.com\/wp-content\/uploads\/2012\/05\/14PURMAMARCA-JUJUY_-Evita-Maestra-recorre-el-pa\u00eds-serie-t\u00e9cnica-mixta-sobre-pizarr\u00f3n-21x3.jpg\" \n  alt=\"Evita Maestra recorre el pa\u00eds, Purmamarca, Jujuy; serie, t\u00e9cnica mixta sobre pizarr\u00f3n; 21 x 30 cm, 2007\" \/>\n<\/a> \r\n            <\/div>\r\n\r\n                <span class=\"orbit-caption     thumb-on\" id='post-3315'>\n    \n    <h5 class=\"orbit-title1 size-\">Evita Maestra recorre el pa\u00eds, Purmamarca, Jujuy; serie, t\u00e9cnica mixta sobre pizarr\u00f3n; 21 x 30 cm, 2007<\/h5>\n    <p class=\"size-\"> <\/p>\n<\/span>  \n\r\n            <div class='sorbit-wide absoluteCenter'  \r\n                            data-caption='#post-3314' \r\n                            data-thumb='https:\/\/norainiesta.com\/wp-content\/uploads\/2012\/05\/12BUENOS-AIRES_-Evita-Maestra-recorre-el-pa\u00eds-serie-t\u00e9cnica-mixta-sobrepizarr\u00f3n-21x30cm-20-305x305.jpg'>\n  <a class=\"sorbit-link thickbox\" href=\"https:\/\/norainiesta.com\/wp-content\/uploads\/2012\/05\/12BUENOS-AIRES_-Evita-Maestra-recorre-el-pa\u00eds-serie-t\u00e9cnica-mixta-sobrepizarr\u00f3n-21x30cm-20.jpg\" rel=\"\" title=\"Evita Maestra recorre el pa\u00eds, Buenos Aires; serie, t\u00e9cnica mixta sobre pizarr\u00f3n; 21 x 30 cm, 2007\">\n<img class=\"absoluteCenter noStretch\"\n  src=\"https:\/\/norainiesta.com\/wp-content\/uploads\/2012\/05\/12BUENOS-AIRES_-Evita-Maestra-recorre-el-pa\u00eds-serie-t\u00e9cnica-mixta-sobrepizarr\u00f3n-21x30cm-20.jpg\" \n  alt=\"Evita Maestra recorre el pa\u00eds, Buenos Aires; serie, t\u00e9cnica mixta sobre pizarr\u00f3n; 21 x 30 cm, 2007\" \/>\n<\/a> \r\n            <\/div>\r\n\r\n                <span class=\"orbit-caption     thumb-on\" id='post-3314'>\n    \n    <h5 class=\"orbit-title1 size-\">Evita Maestra recorre el pa\u00eds, Buenos Aires; serie, t\u00e9cnica mixta sobre pizarr\u00f3n; 21 x 30 cm, 2007<\/h5>\n    <p class=\"size-\"> <\/p>\n<\/span>  \n\r\n            <div class='sorbit-wide absoluteCenter'  \r\n                            data-caption='#post-3313' \r\n                            data-thumb='https:\/\/norainiesta.com\/wp-content\/uploads\/2012\/05\/11SAN-JUAN_-Evita-Maestra-recorre-el-pa\u00eds-serie-t\u00e9cnica-mixta-sobre-pizarr\u00f3n-21x30cm-2007-copia-305x305.jpg'>\n  <a class=\"sorbit-link thickbox\" href=\"https:\/\/norainiesta.com\/wp-content\/uploads\/2012\/05\/11SAN-JUAN_-Evita-Maestra-recorre-el-pa\u00eds-serie-t\u00e9cnica-mixta-sobre-pizarr\u00f3n-21x30cm-2007-copia.jpg\" rel=\"\" title=\"Evita Maestra recorre el pa\u00eds, San Juan; serie, t\u00e9cnica mixta sobre pizarr\u00f3n; 21 x 30 cm, 2007\">\n<img class=\"absoluteCenter noStretch\"\n  src=\"https:\/\/norainiesta.com\/wp-content\/uploads\/2012\/05\/11SAN-JUAN_-Evita-Maestra-recorre-el-pa\u00eds-serie-t\u00e9cnica-mixta-sobre-pizarr\u00f3n-21x30cm-2007-copia.jpg\" \n  alt=\"Evita Maestra recorre el pa\u00eds, San Juan; serie, t\u00e9cnica mixta sobre pizarr\u00f3n; 21 x 30 cm, 2007\" \/>\n<\/a> \r\n            <\/div>\r\n\r\n                <span class=\"orbit-caption     thumb-on\" id='post-3313'>\n    \n    <h5 class=\"orbit-title1 size-\">Evita Maestra recorre el pa\u00eds, San Juan; serie, t\u00e9cnica mixta sobre pizarr\u00f3n; 21 x 30 cm, 2007<\/h5>\n    <p class=\"size-\"> <\/p>\n<\/span>  \n\r\n            <div class='sorbit-wide absoluteCenter'  \r\n                            data-caption='#post-3312' \r\n                            data-thumb='https:\/\/norainiesta.com\/wp-content\/uploads\/2012\/05\/10C\u00d3RDOBA_-Evita-Maestra-recorre-el-pa\u00eds-serie-t\u00e9cnica-mixta-sobre-pizarr\u00f3n-21x30cm-2007-305x305.jpg'>\n  <a class=\"sorbit-link thickbox\" href=\"https:\/\/norainiesta.com\/wp-content\/uploads\/2012\/05\/10C\u00d3RDOBA_-Evita-Maestra-recorre-el-pa\u00eds-serie-t\u00e9cnica-mixta-sobre-pizarr\u00f3n-21x30cm-2007.jpg\" rel=\"\" title=\"Evita Maestra recorre el pa\u00eds, C\u00f3rdoba; serie, t\u00e9cnica mixta sobre pizarr\u00f3n; 21 x 30 cm, 2007\">\n<img class=\"absoluteCenter noStretch\"\n  src=\"https:\/\/norainiesta.com\/wp-content\/uploads\/2012\/05\/10C\u00d3RDOBA_-Evita-Maestra-recorre-el-pa\u00eds-serie-t\u00e9cnica-mixta-sobre-pizarr\u00f3n-21x30cm-2007.jpg\" \n  alt=\"Evita Maestra recorre el pa\u00eds, C\u00f3rdoba; serie, t\u00e9cnica mixta sobre pizarr\u00f3n; 21 x 30 cm, 2007\" \/>\n<\/a> \r\n            <\/div>\r\n\r\n                <span class=\"orbit-caption     thumb-on\" id='post-3312'>\n    \n    <h5 class=\"orbit-title1 size-\">Evita Maestra recorre el pa\u00eds, C\u00f3rdoba; serie, t\u00e9cnica mixta sobre pizarr\u00f3n; 21 x 30 cm, 2007<\/h5>\n    <p class=\"size-\"> <\/p>\n<\/span>  \n\r\n            <div class='sorbit-wide absoluteCenter'  \r\n                            data-caption='#post-3311' \r\n                            data-thumb='https:\/\/norainiesta.com\/wp-content\/uploads\/2012\/05\/09VIEDMA-R\u00cdO-NEGRO_-Evita-Maestra-recorre-el-pa\u00eds-serie-t\u00e9cnica-mixta-sobre-pizarr\u00f3n-21x3-copia-305x305.jpg'>\n  <a class=\"sorbit-link thickbox\" href=\"https:\/\/norainiesta.com\/wp-content\/uploads\/2012\/05\/09VIEDMA-R\u00cdO-NEGRO_-Evita-Maestra-recorre-el-pa\u00eds-serie-t\u00e9cnica-mixta-sobre-pizarr\u00f3n-21x3-copia.jpg\" rel=\"\" title=\"Evita Maestra recorre el pa\u00eds, Viedma, R\u00edo Negro; serie, t\u00e9cnica mixta sobre pizarr\u00f3n; 21 x 30 cm, 2007\">\n<img class=\"absoluteCenter noStretch\"\n  src=\"https:\/\/norainiesta.com\/wp-content\/uploads\/2012\/05\/09VIEDMA-R\u00cdO-NEGRO_-Evita-Maestra-recorre-el-pa\u00eds-serie-t\u00e9cnica-mixta-sobre-pizarr\u00f3n-21x3-copia.jpg\" \n  alt=\"Evita Maestra recorre el pa\u00eds, Viedma, R\u00edo Negro; serie, t\u00e9cnica mixta sobre pizarr\u00f3n; 21 x 30 cm, 2007\" \/>\n<\/a> \r\n            <\/div>\r\n\r\n                <span class=\"orbit-caption     thumb-on\" id='post-3311'>\n    \n    <h5 class=\"orbit-title1 size-\">Evita Maestra recorre el pa\u00eds, Viedma, R\u00edo Negro; serie, t\u00e9cnica mixta sobre pizarr\u00f3n; 21 x 30 cm, 2007<\/h5>\n    <p class=\"size-\"> <\/p>\n<\/span>  \n\r\n            <div class='sorbit-wide absoluteCenter'  \r\n                            data-caption='#post-3310' \r\n                            data-thumb='https:\/\/norainiesta.com\/wp-content\/uploads\/2012\/05\/07-Evita-Maestra-serie-t\u00e9cnica-mixta-sobre-pizarr\u00f3n-21x30cm-2007-305x305.jpg'>\n  <a class=\"sorbit-link thickbox\" href=\"https:\/\/norainiesta.com\/wp-content\/uploads\/2012\/05\/07-Evita-Maestra-serie-t\u00e9cnica-mixta-sobre-pizarr\u00f3n-21x30cm-2007.jpg\" rel=\"\" title=\"Evita Maestra recorre el pa\u00eds, El Barrio; serie, t\u00e9cnica mixta sobre pizarr\u00f3n; 21 x 30 cm, 2007\">\n<img class=\"absoluteCenter noStretch\"\n  src=\"https:\/\/norainiesta.com\/wp-content\/uploads\/2012\/05\/07-Evita-Maestra-serie-t\u00e9cnica-mixta-sobre-pizarr\u00f3n-21x30cm-2007.jpg\" \n  alt=\"Evita Maestra recorre el pa\u00eds, El Barrio; serie, t\u00e9cnica mixta sobre pizarr\u00f3n; 21 x 30 cm, 2007\" \/>\n<\/a> \r\n            <\/div>\r\n\r\n                <span class=\"orbit-caption     thumb-on\" id='post-3310'>\n    \n    <h5 class=\"orbit-title1 size-\">Evita Maestra recorre el pa\u00eds, El Barrio; serie, t\u00e9cnica mixta sobre pizarr\u00f3n; 21 x 30 cm, 2007<\/h5>\n    <p class=\"size-\"> <\/p>\n<\/span>  \n\r\n            <div class='sorbit-wide absoluteCenter'  \r\n                            data-caption='#post-3309' \r\n                            data-thumb='https:\/\/norainiesta.com\/wp-content\/uploads\/2012\/05\/06TUCUM\u00c1N_-Evita-Maestra-recorre-el-pa\u00eds-serie-t\u00e9cnica-mixta-sobre-pizarr\u00f3n-21x30cm-2007-copia-305x305.jpg'>\n  <a class=\"sorbit-link thickbox\" href=\"https:\/\/norainiesta.com\/wp-content\/uploads\/2012\/05\/06TUCUM\u00c1N_-Evita-Maestra-recorre-el-pa\u00eds-serie-t\u00e9cnica-mixta-sobre-pizarr\u00f3n-21x30cm-2007-copia.jpg\" rel=\"\" title=\"Evita Maestra recorre el pa\u00eds, Tucum\u00e1n; serie, t\u00e9cnica mixta sobre pizarr\u00f3n; 21 x 30 cm, 2007\">\n<img class=\"absoluteCenter noStretch\"\n  src=\"https:\/\/norainiesta.com\/wp-content\/uploads\/2012\/05\/06TUCUM\u00c1N_-Evita-Maestra-recorre-el-pa\u00eds-serie-t\u00e9cnica-mixta-sobre-pizarr\u00f3n-21x30cm-2007-copia.jpg\" \n  alt=\"Evita Maestra recorre el pa\u00eds, Tucum\u00e1n; serie, t\u00e9cnica mixta sobre pizarr\u00f3n; 21 x 30 cm, 2007\" \/>\n<\/a> \r\n            <\/div>\r\n\r\n                <span class=\"orbit-caption     thumb-on\" id='post-3309'>\n    \n    <h5 class=\"orbit-title1 size-\">Evita Maestra recorre el pa\u00eds, Tucum\u00e1n; serie, t\u00e9cnica mixta sobre pizarr\u00f3n; 21 x 30 cm, 2007<\/h5>\n    <p class=\"size-\"> <\/p>\n<\/span>  \n\r\n                        <\/div> <!-- end featured -->\r\n\r\n        <\/div>\r\n            <script type=\"text\/javascript\">\n        jQuery(document).ready(function($) {\n            $('#featured1').satlorbit({\n                animation: 'fade-blend',  \/\/ fade, horizontal-slide, vertical-slide, horizontal-push\n                animationSpeed: 700,  \/\/ how fast animations are\n                timer: true,  \/\/ true or false to have the timer\n                advanceSpeed: 5000, \t\t \/\/ if timer is enabled, time between transitions \n                pauseOnHover: false, \t\t \/\/ if you hover pauses the slider\n                startClockOnMouseOut: false, \t \/\/ if clock should start on MouseOut\n                startClockOnMouseOutAfter: 1000, \t \/\/ how long after MouseOut should the timer start again\n                directionalNav: true, \t\t \/\/ manual advancing directional navs\n                captions: true,\t \/\/ do you want captions?\n                captionAnimation: 'slideOpen', \/\/ fade, slideOpen, none\n                captionHover: false, \/\/ true means only show caption on mousehover\n                captionAnimationSpeed: 800, \t \/\/ if so how quickly should they animate in\n                bullets: true,\t\/\/ true or false to activate the bullet navigation\n                bulletThumbs: true,\t\t \/\/ thumbnails for the bullets\n                bulletThumbLocation: '',\t \/\/ location from this file where thumbs will be\n                afterSlideChange: function(){},    \/\/ empty function \n                centerBullets: true,\n                navOpacity: 0.3,\n                sideThumbs: false,\n                preloader: 1,\n                thumbWidth: 85,\n                respExtra: 30, \/\/ the width beyond the slide image\n                alwaysPlayBtn: false            });\n        });\n        jQuery('.orbit-thumbnails').ready(function ($) {\n          if ($('.orbit-thumbnails').width() < $('.thumbholder').width()) {\n            $('.orbit-thumbnails').css('margin', '0 auto');\n          }\n        });\n\n                jQuery(window).resize(function($) {\n            jQuery('#featured1').satlresponse({\n                respExtra: 0, \/\/ the width beyond the slide image\n                sideThumbs: false            });\n        });\n              \n            <\/script>\r\n        <!--  CUSTOM GALLERY -->\r\n    \n","protected":false},"excerpt":{"rendered":"","protected":false},"author":1,"featured_media":3310,"comment_status":"closed","ping_status":"closed","sticky":false,"template":"","format":"standard","meta":[],"categories":[1],"tags":[],"_links":{"self":[{"href":"https:\/\/norainiesta.com\/index.php?rest_route=\/wp\/v2\/posts\/116"}],"collection":[{"href":"https:\/\/norainiesta.com\/index.php?rest_route=\/wp\/v2\/posts"}],"about":[{"href":"https:\/\/norainiesta.com\/index.php?rest_route=\/wp\/v2\/types\/post"}],"author":[{"embeddable":true,"href":"https:\/\/norainiesta.com\/index.php?rest_route=\/wp\/v2\/users\/1"}],"replies":[{"embeddable":true,"href":"https:\/\/norainiesta.com\/index.php?rest_route=%2Fwp%2Fv2%2Fcomments&post=116"}],"version-history":[{"count":21,"href":"https:\/\/norainiesta.com\/index.php?rest_route=\/wp\/v2\/posts\/116\/revisions"}],"predecessor-version":[{"id":631,"href":"https:\/\/norainiesta.com\/index.php?rest_route=\/wp\/v2\/posts\/116\/revisions\/631"}],"wp:featuredmedia":[{"embeddable":true,"href":"https:\/\/norainiesta.com\/index.php?rest_route=\/wp\/v2\/media\/3310"}],"wp:attachment":[{"href":"https:\/\/norainiesta.com\/index.php?rest_route=%2Fwp%2Fv2%2Fmedia&parent=116"}],"wp:term":[{"taxonomy":"category","embeddable":true,"href":"https:\/\/norainiesta.com\/index.php?rest_route=%2Fwp%2Fv2%2Fcategories&post=116"},{"taxonomy":"post_tag","embeddable":true,"href":"https:\/\/norainiesta.com\/index.php?rest_route=%2Fwp%2Fv2%2Ftags&post=116"}],"curies":[{"name":"wp","href":"https:\/\/api.w.org\/{rel}","templated":true}]}}