{"id":7330,"date":"2025-09-15T15:05:07","date_gmt":"2025-09-15T15:05:07","guid":{"rendered":"http:\/\/norainiesta.com\/?p=7330"},"modified":"2025-12-22T14:08:57","modified_gmt":"2025-12-22T14:08:57","slug":"i-puritani-teatro-colon-buenos-aires-2025","status":"publish","type":"post","link":"https:\/\/norainiesta.com\/?p=7330","title":{"rendered":"I Puritani, Teatro Col\u00f3n, Buenos Aires, 2025"},"content":{"rendered":"\n<figure class=\"wp-block-image size-large\"><img loading=\"lazy\" width=\"819\" height=\"1024\" src=\"http:\/\/norainiesta.com\/wp-content\/uploads\/2025\/09\/i-puritani_redes_posteo-01-819x1024.png\" alt=\"\" class=\"wp-image-7332\" srcset=\"https:\/\/norainiesta.com\/wp-content\/uploads\/2025\/09\/i-puritani_redes_posteo-01-819x1024.png 819w, https:\/\/norainiesta.com\/wp-content\/uploads\/2025\/09\/i-puritani_redes_posteo-01-480x600.png 480w, https:\/\/norainiesta.com\/wp-content\/uploads\/2025\/09\/i-puritani_redes_posteo-01-768x960.png 768w, https:\/\/norainiesta.com\/wp-content\/uploads\/2025\/09\/i-puritani_redes_posteo-01-1229x1536.png 1229w, https:\/\/norainiesta.com\/wp-content\/uploads\/2025\/09\/i-puritani_redes_posteo-01-1638x2048.png 1638w, https:\/\/norainiesta.com\/wp-content\/uploads\/2025\/09\/i-puritani_redes_posteo-01-305x381.png 305w\" sizes=\"(max-width: 819px) 100vw, 819px\" \/><\/figure>\n\n\n\n<figure class=\"wp-block-image size-large\"><img loading=\"lazy\" width=\"819\" height=\"1024\" src=\"http:\/\/norainiesta.com\/wp-content\/uploads\/2025\/09\/i-puritani_redes_posteo-02-819x1024.png\" alt=\"\" class=\"wp-image-7333\" srcset=\"https:\/\/norainiesta.com\/wp-content\/uploads\/2025\/09\/i-puritani_redes_posteo-02-819x1024.png 819w, https:\/\/norainiesta.com\/wp-content\/uploads\/2025\/09\/i-puritani_redes_posteo-02-480x600.png 480w, https:\/\/norainiesta.com\/wp-content\/uploads\/2025\/09\/i-puritani_redes_posteo-02-768x960.png 768w, https:\/\/norainiesta.com\/wp-content\/uploads\/2025\/09\/i-puritani_redes_posteo-02-1229x1536.png 1229w, https:\/\/norainiesta.com\/wp-content\/uploads\/2025\/09\/i-puritani_redes_posteo-02-1638x2048.png 1638w, https:\/\/norainiesta.com\/wp-content\/uploads\/2025\/09\/i-puritani_redes_posteo-02-305x381.png 305w\" sizes=\"(max-width: 819px) 100vw, 819px\" \/><\/figure>\n\n\n\n<figure class=\"wp-block-image size-large\"><img loading=\"lazy\" width=\"819\" height=\"1024\" src=\"http:\/\/norainiesta.com\/wp-content\/uploads\/2025\/09\/i-puritani_redes_posteo-03-819x1024.png\" alt=\"\" class=\"wp-image-7334\" srcset=\"https:\/\/norainiesta.com\/wp-content\/uploads\/2025\/09\/i-puritani_redes_posteo-03-819x1024.png 819w, https:\/\/norainiesta.com\/wp-content\/uploads\/2025\/09\/i-puritani_redes_posteo-03-480x600.png 480w, https:\/\/norainiesta.com\/wp-content\/uploads\/2025\/09\/i-puritani_redes_posteo-03-768x960.png 768w, https:\/\/norainiesta.com\/wp-content\/uploads\/2025\/09\/i-puritani_redes_posteo-03-1229x1536.png 1229w, https:\/\/norainiesta.com\/wp-content\/uploads\/2025\/09\/i-puritani_redes_posteo-03-1638x2048.png 1638w, https:\/\/norainiesta.com\/wp-content\/uploads\/2025\/09\/i-puritani_redes_posteo-03-305x381.png 305w\" sizes=\"(max-width: 819px) 100vw, 819px\" \/><\/figure>\n\n\n\n<figure class=\"wp-block-image size-large\"><img loading=\"lazy\" width=\"819\" height=\"1024\" src=\"http:\/\/norainiesta.com\/wp-content\/uploads\/2025\/09\/i-puritani_redes_posteo-04-819x1024.png\" alt=\"\" class=\"wp-image-7335\" srcset=\"https:\/\/norainiesta.com\/wp-content\/uploads\/2025\/09\/i-puritani_redes_posteo-04-819x1024.png 819w, https:\/\/norainiesta.com\/wp-content\/uploads\/2025\/09\/i-puritani_redes_posteo-04-480x600.png 480w, https:\/\/norainiesta.com\/wp-content\/uploads\/2025\/09\/i-puritani_redes_posteo-04-768x960.png 768w, https:\/\/norainiesta.com\/wp-content\/uploads\/2025\/09\/i-puritani_redes_posteo-04-1229x1536.png 1229w, https:\/\/norainiesta.com\/wp-content\/uploads\/2025\/09\/i-puritani_redes_posteo-04-1638x2048.png 1638w, https:\/\/norainiesta.com\/wp-content\/uploads\/2025\/09\/i-puritani_redes_posteo-04-305x381.png 305w\" sizes=\"(max-width: 819px) 100vw, 819px\" \/><\/figure>\n\n\n\n<figure class=\"wp-block-video\"><video autoplay controls loop src=\"https:\/\/norainiesta.com\/wp-content\/uploads\/2025\/12\/Video.mp4\"><\/video><\/figure>\n\n\n\n<div class=\"wp-block-image\"><figure class=\"aligncenter size-large\"><img loading=\"lazy\" width=\"750\" height=\"1024\" src=\"https:\/\/norainiesta.com\/wp-content\/uploads\/2025\/11\/OBRA-FINAL-con-marco-750x1024.jpg\" alt=\"\" class=\"wp-image-7385\" srcset=\"https:\/\/norainiesta.com\/wp-content\/uploads\/2025\/11\/OBRA-FINAL-con-marco-750x1024.jpg 750w, https:\/\/norainiesta.com\/wp-content\/uploads\/2025\/11\/OBRA-FINAL-con-marco-439x600.jpg 439w, https:\/\/norainiesta.com\/wp-content\/uploads\/2025\/11\/OBRA-FINAL-con-marco-768x1049.jpg 768w, https:\/\/norainiesta.com\/wp-content\/uploads\/2025\/11\/OBRA-FINAL-con-marco-305x417.jpg 305w, https:\/\/norainiesta.com\/wp-content\/uploads\/2025\/11\/OBRA-FINAL-con-marco.jpg 1098w\" sizes=\"(max-width: 750px) 100vw, 750px\" \/><figcaption>2025, collage impreso digitalmente, 64&#215;44 cm.<\/figcaption><\/figure><\/div>\n\n\n\n<p class=\"has-text-align-center\"><\/p>\n\n\n\n<p><\/p>\n\n\n\n<p>Al Col\u00f3n!!!<\/p>\n\n\n\n<p>Expresi\u00f3n festiva reconocible para todo argentino. Se\u00f1al de m\u00e9rito, de logro, de alegr\u00eda: as\u00ed de feliz me siento hoy yo.<\/p>\n\n\n\n<p>Participar y formar parte de esta \u00f3pera ha sido un desaf\u00edo, y como tal, bienvenido. Asumo me gusta el riesgo.<\/p>\n\n\n\n<p>El teatro siempre estuvo en m\u00ed; un abuelo paterno apuntador de teatro, un pap\u00e1 que hac\u00eda teatro vocacional, y una presencia desde muy chica como espectadora de cada compa\u00f1\u00eda espa\u00f1ola que llegaba a Buenos Aires gracias al abuelo Luis Iniesta forjaron esta costumbre; no perderme nada, y especialmente a mi inter\u00e9s por la \u00f3pera donde canto, orquesta, m\u00fasica, vestuario, escenograf\u00eda, puesta y argumento se conjugan.<\/p>\n\n\n\n<p>Hablemos del Col\u00f3n, de su c\u00fapula. Ra\u00fal Soldi hab\u00eda pintado su capilla en Glew, Santa Ana. Mi primario fue en Lomas de Zamora. Ya se sab\u00eda de mi vocaci\u00f3n art\u00edstica bien definida y ello har\u00eda a mi profesor de dibujo me integrase al grupo de cada grado que iba a visitarla y dibujara all\u00ed toda la tarde en jardines de pasto descuidado y gallinas deambulando por \u00e9l. &nbsp;Ello fue costumbre. Luego vino la c\u00fapula; m\u00e9rito y trabajo que segu\u00ed hasta su culminaci\u00f3n y m\u00e1s. Un sano disfrute: el constatar mirando al cielo desde la butaca que sea, esa obra magn\u00edfica.<\/p>\n\n\n\n<p>Porque ello es el Teatro Col\u00f3n para m\u00ed; sea el \u00e1ngulo, ubicaci\u00f3n o geograf\u00eda; creo conocerlas todas, o casi; siempre la misma emoci\u00f3n. La fiesta del teatro, la magia de su mundo.<\/p>\n\n\n\n<p>En cuanto a mi obra s\u00edntesis de esta \u00f3pera: sus dos protagonistas dicen presente; el coraz\u00f3n y el velo. El resto es entorno, continente, filigrana pura y arm\u00f3nica. Coraz\u00f3n Inquieto. Gira, se turba, se mueve y, desde la demencia misma sabe a quien corresponde, reconoce a quien querer. Un blanco, s\u00edmbolo del casamiento que no fue, de ese velo que confunde todo.<\/p>\n\n\n\n<p>Una guerra que termina.<\/p>\n\n\n\n<p>Un coraz\u00f3n que late.<\/p>\n\n\n\n<p>El amor triunfa y el velo se abre para demostrar la confusi\u00f3n, los enredos, las apariencias no siempre certeras.&nbsp; De la locura a la calma.<\/p>\n\n\n\n<p>Final de la obra.<\/p>\n\n\n\n<p>Muy agradecida al teatro Col\u00f3n por esta participaci\u00f3n, por su confianza en mi trabajo y por la idea de incorporar las artes visuales a este espect\u00e1culo.<\/p>\n\n\n\n<p>Nora Iniesta<\/p>\n","protected":false},"excerpt":{"rendered":"<p> [&hellip;]<\/p>\n","protected":false},"author":2,"featured_media":7332,"comment_status":"closed","ping_status":"closed","sticky":false,"template":"","format":"standard","meta":[],"categories":[23],"tags":[],"_links":{"self":[{"href":"https:\/\/norainiesta.com\/index.php?rest_route=\/wp\/v2\/posts\/7330"}],"collection":[{"href":"https:\/\/norainiesta.com\/index.php?rest_route=\/wp\/v2\/posts"}],"about":[{"href":"https:\/\/norainiesta.com\/index.php?rest_route=\/wp\/v2\/types\/post"}],"author":[{"embeddable":true,"href":"https:\/\/norainiesta.com\/index.php?rest_route=\/wp\/v2\/users\/2"}],"replies":[{"embeddable":true,"href":"https:\/\/norainiesta.com\/index.php?rest_route=%2Fwp%2Fv2%2Fcomments&post=7330"}],"version-history":[{"count":10,"href":"https:\/\/norainiesta.com\/index.php?rest_route=\/wp\/v2\/posts\/7330\/revisions"}],"predecessor-version":[{"id":7411,"href":"https:\/\/norainiesta.com\/index.php?rest_route=\/wp\/v2\/posts\/7330\/revisions\/7411"}],"wp:featuredmedia":[{"embeddable":true,"href":"https:\/\/norainiesta.com\/index.php?rest_route=\/wp\/v2\/media\/7332"}],"wp:attachment":[{"href":"https:\/\/norainiesta.com\/index.php?rest_route=%2Fwp%2Fv2%2Fmedia&parent=7330"}],"wp:term":[{"taxonomy":"category","embeddable":true,"href":"https:\/\/norainiesta.com\/index.php?rest_route=%2Fwp%2Fv2%2Fcategories&post=7330"},{"taxonomy":"post_tag","embeddable":true,"href":"https:\/\/norainiesta.com\/index.php?rest_route=%2Fwp%2Fv2%2Ftags&post=7330"}],"curies":[{"name":"wp","href":"https:\/\/api.w.org\/{rel}","templated":true}]}}